{"id":4627,"date":"2025-05-30T12:47:15","date_gmt":"2025-05-30T10:47:15","guid":{"rendered":"https:\/\/agora.xtec.cat\/escsantiagorates\/?p=4627"},"modified":"2025-05-30T12:47:15","modified_gmt":"2025-05-30T10:47:15","slug":"graffity-day","status":"publish","type":"post","link":"https:\/\/agora.xtec.cat\/escsantiagorates\/segon\/graffity-day\/","title":{"rendered":"Graffity Day"},"content":{"rendered":"<p>Avui hem viscut una experi\u00e8ncia incre\u00efble i plena de colors! Ens ha visitat en V\u00edctor, tot un artista urb\u00e0 conegut com a Tage53, que aquests dies est\u00e0 creant un mural espectacular al pati de l\u2019escola.<\/p>\n<p>Hem comen\u00e7at el mat\u00ed descobrint qu\u00e8 vol dir ser grafiter. En V\u00edctor ens ha explicat quina \u00e9s la seva feina, qu\u00e8 s\u00ed \u00e9s i qu\u00e8 no \u00e9s fer graffiti, i com aquest art pot servir per expressar missatges, emocions i idees. Tamb\u00e9 hem apr\u00e8s que hi ha molts tipus de graffitis i que, com tota forma d\u2019art, tenen un proc\u00e9s, una t\u00e8cnica i molt\u00edssima creativitat al darrere.<\/p>\n<p>Ens ha ensenyat v\u00eddeos de les seves obres, i ens han deixat amb la boca oberta! Ens hem quedat molt sorpresos i molt sorpreses amb tot el que hem vist.<\/p>\n<p>Despr\u00e9s ha arribat el nostre torn: hem deixat volar la imaginaci\u00f3 i hem fet una s\u00e8rie d&#8217;exercicis art\u00edstics, dibuixant all\u00f2 que les nostres emocions i la nostra creativitat ens deien. Cada dibuix ha estat \u00fanic i molt especial.<\/p>\n<p>I com a cloenda del dia, hem sortit al pati&#8230; i s\u00ed, hem participat en la creaci\u00f3 del mural! Tots i totes hi hem posat el nostre granet de sorra, afegint una mica de color i m\u00e0gia a la paret de l\u2019escola.<\/p>\n<p>Ha estat un dia ple d\u2019aprenentatges, emocions i creativitat. Gr\u00e0cies, Tage53, per compartir amb nosaltres el teu art i inspirar-nos tant! (m\u00e9s fotografies al Classroom de cada classe).<\/p>\n<p><a href=\"https:\/\/agora.xtec.cat\/escsantiagorates\/wp-content\/uploads\/usu1786\/2025\/05\/IMG_3062-1-scaled.jpg\"><img loading=\"lazy\" decoding=\"async\" class=\"alignnone size-large wp-image-4628\" src=\"https:\/\/agora.xtec.cat\/escsantiagorates\/wp-content\/uploads\/usu1786\/2025\/05\/IMG_3062-1-1024x768.jpg\" alt=\"\" width=\"1024\" height=\"768\" srcset=\"https:\/\/agora.xtec.cat\/escsantiagorates\/wp-content\/uploads\/usu1786\/2025\/05\/IMG_3062-1-1024x768.jpg 1024w, https:\/\/agora.xtec.cat\/escsantiagorates\/wp-content\/uploads\/usu1786\/2025\/05\/IMG_3062-1-300x225.jpg 300w, https:\/\/agora.xtec.cat\/escsantiagorates\/wp-content\/uploads\/usu1786\/2025\/05\/IMG_3062-1-768x576.jpg 768w, https:\/\/agora.xtec.cat\/escsantiagorates\/wp-content\/uploads\/usu1786\/2025\/05\/IMG_3062-1-1536x1152.jpg 1536w, https:\/\/agora.xtec.cat\/escsantiagorates\/wp-content\/uploads\/usu1786\/2025\/05\/IMG_3062-1-2048x1536.jpg 2048w, https:\/\/agora.xtec.cat\/escsantiagorates\/wp-content\/uploads\/usu1786\/2025\/05\/IMG_3062-1-200x150.jpg 200w\" sizes=\"auto, (max-width: 1024px) 100vw, 1024px\" \/><\/a><\/p>\n","protected":false},"excerpt":{"rendered":"<p>Avui hem viscut una experi\u00e8ncia incre\u00efble i plena de colors! Ens ha visitat en V\u00edctor, tot un artista urb\u00e0 conegut com a Tage53, que aquests dies est\u00e0 creant un mural espectacular al pati de l\u2019escola.<br \/>\nHem comen\u00e7at el mat\u00ed descobrint qu\u00e8 vol dir ser grafiter. En&hellip;  <a href=\"https:\/\/agora.xtec.cat\/escsantiagorates\/segon\/graffity-day\/\" title=\"Read Graffity Day\">Llegeix m\u00e9s\u00bb<\/a><\/p>\n","protected":false},"author":39,"featured_media":0,"comment_status":"closed","ping_status":"closed","sticky":false,"template":"","format":"standard","meta":{"_bbp_topic_count":0,"_bbp_reply_count":0,"_bbp_total_topic_count":0,"_bbp_total_reply_count":0,"_bbp_voice_count":0,"_bbp_anonymous_reply_count":0,"_bbp_topic_count_hidden":0,"_bbp_reply_count_hidden":0,"_bbp_forum_subforum_count":0,"footnotes":""},"categories":[62,64],"tags":[],"class_list":["post-4627","post","type-post","status-publish","format-standard","hentry","category-segon","category-primer-segon"],"post_mailing_queue_ids":[],"_links":{"self":[{"href":"https:\/\/agora.xtec.cat\/escsantiagorates\/wp-json\/wp\/v2\/posts\/4627","targetHints":{"allow":["GET"]}}],"collection":[{"href":"https:\/\/agora.xtec.cat\/escsantiagorates\/wp-json\/wp\/v2\/posts"}],"about":[{"href":"https:\/\/agora.xtec.cat\/escsantiagorates\/wp-json\/wp\/v2\/types\/post"}],"author":[{"embeddable":true,"href":"https:\/\/agora.xtec.cat\/escsantiagorates\/wp-json\/wp\/v2\/users\/39"}],"replies":[{"embeddable":true,"href":"https:\/\/agora.xtec.cat\/escsantiagorates\/wp-json\/wp\/v2\/comments?post=4627"}],"version-history":[{"count":2,"href":"https:\/\/agora.xtec.cat\/escsantiagorates\/wp-json\/wp\/v2\/posts\/4627\/revisions"}],"predecessor-version":[{"id":4630,"href":"https:\/\/agora.xtec.cat\/escsantiagorates\/wp-json\/wp\/v2\/posts\/4627\/revisions\/4630"}],"wp:attachment":[{"href":"https:\/\/agora.xtec.cat\/escsantiagorates\/wp-json\/wp\/v2\/media?parent=4627"}],"wp:term":[{"taxonomy":"category","embeddable":true,"href":"https:\/\/agora.xtec.cat\/escsantiagorates\/wp-json\/wp\/v2\/categories?post=4627"},{"taxonomy":"post_tag","embeddable":true,"href":"https:\/\/agora.xtec.cat\/escsantiagorates\/wp-json\/wp\/v2\/tags?post=4627"}],"curies":[{"name":"wp","href":"https:\/\/api.w.org\/{rel}","templated":true}]}}