{"id":4567,"date":"2025-04-29T12:36:54","date_gmt":"2025-04-29T10:36:54","guid":{"rendered":"https:\/\/agora.xtec.cat\/escsantiagorates\/?p=4567"},"modified":"2025-04-29T12:36:54","modified_gmt":"2025-04-29T10:36:54","slug":"bufa-la-tramuntana-3","status":"publish","type":"post","link":"https:\/\/agora.xtec.cat\/escsantiagorates\/segon\/bufa-la-tramuntana-3\/","title":{"rendered":"Bufa la Tramuntana!"},"content":{"rendered":"<p>Els\/les nens i nenes de Cicle Inicial vam fer una activitat a la natura per aprendre els diferents tipus de vent (nom i origen) i identificar diferents fen\u00f2mens meteorol\u00f2gics i els seus efectes en el paisatge. Si voleu veure m\u00e9s imatges entreu al Classroom dels vostres fills\/filles.<\/p>\n<p><a href=\"https:\/\/agora.xtec.cat\/escsantiagorates\/wp-content\/uploads\/usu1786\/2025\/04\/Bufa-la-tramuntana-1-scaled.jpg\"><img loading=\"lazy\" decoding=\"async\" class=\"alignnone size-large wp-image-4568\" src=\"https:\/\/agora.xtec.cat\/escsantiagorates\/wp-content\/uploads\/usu1786\/2025\/04\/Bufa-la-tramuntana-1-1024x768.jpg\" alt=\"\" width=\"1024\" height=\"768\" srcset=\"https:\/\/agora.xtec.cat\/escsantiagorates\/wp-content\/uploads\/usu1786\/2025\/04\/Bufa-la-tramuntana-1-1024x768.jpg 1024w, https:\/\/agora.xtec.cat\/escsantiagorates\/wp-content\/uploads\/usu1786\/2025\/04\/Bufa-la-tramuntana-1-300x225.jpg 300w, https:\/\/agora.xtec.cat\/escsantiagorates\/wp-content\/uploads\/usu1786\/2025\/04\/Bufa-la-tramuntana-1-768x576.jpg 768w, https:\/\/agora.xtec.cat\/escsantiagorates\/wp-content\/uploads\/usu1786\/2025\/04\/Bufa-la-tramuntana-1-1536x1152.jpg 1536w, https:\/\/agora.xtec.cat\/escsantiagorates\/wp-content\/uploads\/usu1786\/2025\/04\/Bufa-la-tramuntana-1-2048x1536.jpg 2048w, https:\/\/agora.xtec.cat\/escsantiagorates\/wp-content\/uploads\/usu1786\/2025\/04\/Bufa-la-tramuntana-1-200x150.jpg 200w\" sizes=\"auto, (max-width: 1024px) 100vw, 1024px\" \/><\/a><\/p>\n","protected":false},"excerpt":{"rendered":"<p>Els\/les nens i nenes de Cicle Inicial vam fer una activitat a la natura per aprendre els diferents tipus de vent (nom i origen) i identificar diferents fen\u00f2mens meteorol\u00f2gics i els seus efectes en el paisatge. Si voleu veure m\u00e9s imatges entreu al Classroom dels&hellip;  <a href=\"https:\/\/agora.xtec.cat\/escsantiagorates\/segon\/bufa-la-tramuntana-3\/\" title=\"Read Bufa la Tramuntana!\">Llegeix m\u00e9s\u00bb<\/a><\/p>\n","protected":false},"author":33,"featured_media":0,"comment_status":"closed","ping_status":"closed","sticky":false,"template":"","format":"standard","meta":{"_bbp_topic_count":0,"_bbp_reply_count":0,"_bbp_total_topic_count":0,"_bbp_total_reply_count":0,"_bbp_voice_count":0,"_bbp_anonymous_reply_count":0,"_bbp_topic_count_hidden":0,"_bbp_reply_count_hidden":0,"_bbp_forum_subforum_count":0,"footnotes":""},"categories":[62,64],"tags":[],"class_list":["post-4567","post","type-post","status-publish","format-standard","hentry","category-segon","category-primer-segon"],"post_mailing_queue_ids":[],"_links":{"self":[{"href":"https:\/\/agora.xtec.cat\/escsantiagorates\/wp-json\/wp\/v2\/posts\/4567","targetHints":{"allow":["GET"]}}],"collection":[{"href":"https:\/\/agora.xtec.cat\/escsantiagorates\/wp-json\/wp\/v2\/posts"}],"about":[{"href":"https:\/\/agora.xtec.cat\/escsantiagorates\/wp-json\/wp\/v2\/types\/post"}],"author":[{"embeddable":true,"href":"https:\/\/agora.xtec.cat\/escsantiagorates\/wp-json\/wp\/v2\/users\/33"}],"replies":[{"embeddable":true,"href":"https:\/\/agora.xtec.cat\/escsantiagorates\/wp-json\/wp\/v2\/comments?post=4567"}],"version-history":[{"count":1,"href":"https:\/\/agora.xtec.cat\/escsantiagorates\/wp-json\/wp\/v2\/posts\/4567\/revisions"}],"predecessor-version":[{"id":4569,"href":"https:\/\/agora.xtec.cat\/escsantiagorates\/wp-json\/wp\/v2\/posts\/4567\/revisions\/4569"}],"wp:attachment":[{"href":"https:\/\/agora.xtec.cat\/escsantiagorates\/wp-json\/wp\/v2\/media?parent=4567"}],"wp:term":[{"taxonomy":"category","embeddable":true,"href":"https:\/\/agora.xtec.cat\/escsantiagorates\/wp-json\/wp\/v2\/categories?post=4567"},{"taxonomy":"post_tag","embeddable":true,"href":"https:\/\/agora.xtec.cat\/escsantiagorates\/wp-json\/wp\/v2\/tags?post=4567"}],"curies":[{"name":"wp","href":"https:\/\/api.w.org\/{rel}","templated":true}]}}