{"id":4535,"date":"2025-04-18T13:43:01","date_gmt":"2025-04-18T11:43:01","guid":{"rendered":"https:\/\/agora.xtec.cat\/escsantiagorates\/?p=4535"},"modified":"2025-04-18T13:43:01","modified_gmt":"2025-04-18T11:43:01","slug":"juguempensem-i-aprenem-durant-els-racons-matematics","status":"publish","type":"post","link":"https:\/\/agora.xtec.cat\/escsantiagorates\/general\/juguempensem-i-aprenem-durant-els-racons-matematics\/","title":{"rendered":"Juguem,pensem i aprenem durant els racons matem\u00e0tics"},"content":{"rendered":"<p>A la classe d&#8217;I4 i I5 realitzem una sessi\u00f3 setmanal de racons. Ens ho passem molt b\u00e9!. En un rac\u00f3 realizem jocs de seriaci\u00f3 amb materials, en un segon rac\u00f3 constru\u00efm torres amb gots de colors partint de models donats i en un tercer rac\u00f3 realitzem activitats de comptatge a partir dels policubs, tot aprenent el mecanisme de la suma. Voleu veure-ho?. Cliqueu damunt la foto.<\/p>\n<p><a href=\"https:\/\/agora.xtec.cat\/escsantiagorates\/wp-content\/uploads\/usu1786\/2025\/04\/20250311_112747.jpg\"><img loading=\"lazy\" decoding=\"async\" class=\"alignnone size-large wp-image-4537\" src=\"https:\/\/agora.xtec.cat\/escsantiagorates\/wp-content\/uploads\/usu1786\/2025\/04\/20250311_112747-1024x768.jpg\" alt=\"\" width=\"1024\" height=\"768\" srcset=\"https:\/\/agora.xtec.cat\/escsantiagorates\/wp-content\/uploads\/usu1786\/2025\/04\/20250311_112747-1024x768.jpg 1024w, https:\/\/agora.xtec.cat\/escsantiagorates\/wp-content\/uploads\/usu1786\/2025\/04\/20250311_112747-300x225.jpg 300w, https:\/\/agora.xtec.cat\/escsantiagorates\/wp-content\/uploads\/usu1786\/2025\/04\/20250311_112747-768x576.jpg 768w, https:\/\/agora.xtec.cat\/escsantiagorates\/wp-content\/uploads\/usu1786\/2025\/04\/20250311_112747-200x150.jpg 200w, https:\/\/agora.xtec.cat\/escsantiagorates\/wp-content\/uploads\/usu1786\/2025\/04\/20250311_112747.jpg 1200w\" sizes=\"auto, (max-width: 1024px) 100vw, 1024px\" \/><\/a><\/p>\n<p>&nbsp;<\/p>\n","protected":false},"excerpt":{"rendered":"<p>A la classe d&#8217;I4 i I5 realitzem una sessi\u00f3 setmanal de racons. Ens ho passem molt b\u00e9!. En un rac\u00f3 realizem jocs de seriaci\u00f3 amb materials, en un segon rac\u00f3 constru\u00efm torres amb gots de colors partint de models donats i en un tercer rac\u00f3&hellip;  <a href=\"https:\/\/agora.xtec.cat\/escsantiagorates\/general\/juguempensem-i-aprenem-durant-els-racons-matematics\/\" title=\"Read Juguem,pensem i aprenem durant els racons matem\u00e0tics\">Llegeix m\u00e9s\u00bb<\/a><\/p>\n","protected":false},"author":51,"featured_media":0,"comment_status":"open","ping_status":"closed","sticky":false,"template":"","format":"standard","meta":{"_bbp_topic_count":0,"_bbp_reply_count":0,"_bbp_total_topic_count":0,"_bbp_total_reply_count":0,"_bbp_voice_count":0,"_bbp_anonymous_reply_count":0,"_bbp_topic_count_hidden":0,"_bbp_reply_count_hidden":0,"_bbp_forum_subforum_count":0,"footnotes":""},"categories":[1,79],"tags":[],"class_list":["post-4535","post","type-post","status-publish","format-standard","hentry","category-general","category-taronja-infantil"],"post_mailing_queue_ids":[],"_links":{"self":[{"href":"https:\/\/agora.xtec.cat\/escsantiagorates\/wp-json\/wp\/v2\/posts\/4535","targetHints":{"allow":["GET"]}}],"collection":[{"href":"https:\/\/agora.xtec.cat\/escsantiagorates\/wp-json\/wp\/v2\/posts"}],"about":[{"href":"https:\/\/agora.xtec.cat\/escsantiagorates\/wp-json\/wp\/v2\/types\/post"}],"author":[{"embeddable":true,"href":"https:\/\/agora.xtec.cat\/escsantiagorates\/wp-json\/wp\/v2\/users\/51"}],"replies":[{"embeddable":true,"href":"https:\/\/agora.xtec.cat\/escsantiagorates\/wp-json\/wp\/v2\/comments?post=4535"}],"version-history":[{"count":2,"href":"https:\/\/agora.xtec.cat\/escsantiagorates\/wp-json\/wp\/v2\/posts\/4535\/revisions"}],"predecessor-version":[{"id":4541,"href":"https:\/\/agora.xtec.cat\/escsantiagorates\/wp-json\/wp\/v2\/posts\/4535\/revisions\/4541"}],"wp:attachment":[{"href":"https:\/\/agora.xtec.cat\/escsantiagorates\/wp-json\/wp\/v2\/media?parent=4535"}],"wp:term":[{"taxonomy":"category","embeddable":true,"href":"https:\/\/agora.xtec.cat\/escsantiagorates\/wp-json\/wp\/v2\/categories?post=4535"},{"taxonomy":"post_tag","embeddable":true,"href":"https:\/\/agora.xtec.cat\/escsantiagorates\/wp-json\/wp\/v2\/tags?post=4535"}],"curies":[{"name":"wp","href":"https:\/\/api.w.org\/{rel}","templated":true}]}}