{"id":4531,"date":"2025-04-14T11:02:33","date_gmt":"2025-04-14T09:02:33","guid":{"rendered":"https:\/\/agora.xtec.cat\/escsantiagorates\/?p=4531"},"modified":"2025-04-14T11:02:33","modified_gmt":"2025-04-14T09:02:33","slug":"excursio-al-paratge-de-tudela","status":"publish","type":"post","link":"https:\/\/agora.xtec.cat\/escsantiagorates\/5e\/excursio-al-paratge-de-tudela\/","title":{"rendered":"Excursi\u00f3 al Paratge de Tudela"},"content":{"rendered":"<p>Fa uns dies els i les alumnes de 3r, 4t, 5\u00e8 i 6\u00e8 de l&#8217;escola vam poder gaudir d&#8217;una jornada a un dels espais m\u00e9s id\u00edlics i m\u00e0gics de la nostra comarca, el<span style=\"color: #3366ff\"><strong> Paratge de Tudela (Cap de Creus)<\/strong>.<\/span>\ud83c\udf0a\u200b<\/p>\n<p>All\u00e0 vam poder con\u00e8ixer una mica m\u00e9s d&#8217;aprop l&#8217;entorn on <span style=\"color: #008080\"><strong>Dal\u00ed<\/strong><\/span>\ud83c\udfa8\u200b <span style=\"color: #008080\"><strong>s&#8217;inspirava<\/strong><\/span> per fer algunes de les seves obres. Vam observar les formes i figures que les roques\u200b dibuixen, les vam imaginar i plasmar sobre paper. Quina creativitat!<\/p>\n<p>Vam esmorzar a Cala Culip i vam fer cabanyes ajudant-nos entre tots\ud83d\uded6. Tamb\u00e9 vam fer alguns jocs de geologia i de bot\u00e0nica, per recon\u00e8ixer les roques i les plantes que ens envolten\ud83e\udea8\u200b\u200b\ud83c\udf3f\u200b. I de tornada&#8230; una mica de corbes i alguns marejos!<\/p>\n<p>No us perdeu les <a href=\"https:\/\/classroom.google.com\/c\/NzEzNDgyNjE4MzM2\/m\/NzcxODA4MzE3NTIz\/details\">FOTOGRAFIES AQU\u00cd<\/a>!<\/p>\n<p><a href=\"https:\/\/agora.xtec.cat\/escsantiagorates\/wp-content\/uploads\/usu1786\/2025\/04\/IMG_5107-2.jpg\"><img loading=\"lazy\" decoding=\"async\" class=\"wp-image-4533 aligncenter\" src=\"https:\/\/agora.xtec.cat\/escsantiagorates\/wp-content\/uploads\/usu1786\/2025\/04\/IMG_5107-2-1024x768.jpg\" alt=\"\" width=\"545\" height=\"409\" srcset=\"https:\/\/agora.xtec.cat\/escsantiagorates\/wp-content\/uploads\/usu1786\/2025\/04\/IMG_5107-2-1024x768.jpg 1024w, https:\/\/agora.xtec.cat\/escsantiagorates\/wp-content\/uploads\/usu1786\/2025\/04\/IMG_5107-2-300x225.jpg 300w, https:\/\/agora.xtec.cat\/escsantiagorates\/wp-content\/uploads\/usu1786\/2025\/04\/IMG_5107-2-768x576.jpg 768w, https:\/\/agora.xtec.cat\/escsantiagorates\/wp-content\/uploads\/usu1786\/2025\/04\/IMG_5107-2-1536x1152.jpg 1536w, https:\/\/agora.xtec.cat\/escsantiagorates\/wp-content\/uploads\/usu1786\/2025\/04\/IMG_5107-2-200x150.jpg 200w, https:\/\/agora.xtec.cat\/escsantiagorates\/wp-content\/uploads\/usu1786\/2025\/04\/IMG_5107-2.jpg 2016w\" sizes=\"auto, (max-width: 545px) 100vw, 545px\" \/><\/a><\/p>\n","protected":false},"excerpt":{"rendered":"<p>Fa uns dies els i les alumnes de 3r, 4t, 5\u00e8 i 6\u00e8 de l&#8217;escola vam poder gaudir d&#8217;una jornada a un dels espais m\u00e9s id\u00edlics i m\u00e0gics de la nostra comarca, el Paratge de Tudela (Cap de Creus).\ud83c\udf0a\u200b<br \/>\nAll\u00e0 vam poder con\u00e8ixer una mica m\u00e9s&hellip;  <a href=\"https:\/\/agora.xtec.cat\/escsantiagorates\/5e\/excursio-al-paratge-de-tudela\/\" title=\"Read Excursi\u00f3 al Paratge de Tudela\">Llegeix m\u00e9s\u00bb<\/a><\/p>\n","protected":false},"author":64,"featured_media":4532,"comment_status":"open","ping_status":"closed","sticky":false,"template":"","format":"standard","meta":{"_bbp_topic_count":0,"_bbp_reply_count":0,"_bbp_total_topic_count":0,"_bbp_total_reply_count":0,"_bbp_voice_count":0,"_bbp_anonymous_reply_count":0,"_bbp_topic_count_hidden":0,"_bbp_reply_count_hidden":0,"_bbp_forum_subforum_count":0,"footnotes":""},"categories":[60,81,88],"tags":[],"class_list":["post-4531","post","type-post","status-publish","format-standard","has-post-thumbnail","hentry","category-5e","category-medi","category-plastica"],"post_mailing_queue_ids":[],"_links":{"self":[{"href":"https:\/\/agora.xtec.cat\/escsantiagorates\/wp-json\/wp\/v2\/posts\/4531","targetHints":{"allow":["GET"]}}],"collection":[{"href":"https:\/\/agora.xtec.cat\/escsantiagorates\/wp-json\/wp\/v2\/posts"}],"about":[{"href":"https:\/\/agora.xtec.cat\/escsantiagorates\/wp-json\/wp\/v2\/types\/post"}],"author":[{"embeddable":true,"href":"https:\/\/agora.xtec.cat\/escsantiagorates\/wp-json\/wp\/v2\/users\/64"}],"replies":[{"embeddable":true,"href":"https:\/\/agora.xtec.cat\/escsantiagorates\/wp-json\/wp\/v2\/comments?post=4531"}],"version-history":[{"count":1,"href":"https:\/\/agora.xtec.cat\/escsantiagorates\/wp-json\/wp\/v2\/posts\/4531\/revisions"}],"predecessor-version":[{"id":4534,"href":"https:\/\/agora.xtec.cat\/escsantiagorates\/wp-json\/wp\/v2\/posts\/4531\/revisions\/4534"}],"wp:featuredmedia":[{"embeddable":true,"href":"https:\/\/agora.xtec.cat\/escsantiagorates\/wp-json\/wp\/v2\/media\/4532"}],"wp:attachment":[{"href":"https:\/\/agora.xtec.cat\/escsantiagorates\/wp-json\/wp\/v2\/media?parent=4531"}],"wp:term":[{"taxonomy":"category","embeddable":true,"href":"https:\/\/agora.xtec.cat\/escsantiagorates\/wp-json\/wp\/v2\/categories?post=4531"},{"taxonomy":"post_tag","embeddable":true,"href":"https:\/\/agora.xtec.cat\/escsantiagorates\/wp-json\/wp\/v2\/tags?post=4531"}],"curies":[{"name":"wp","href":"https:\/\/api.w.org\/{rel}","templated":true}]}}