{"id":4528,"date":"2025-04-08T08:39:42","date_gmt":"2025-04-08T06:39:42","guid":{"rendered":"https:\/\/agora.xtec.cat\/escsantiagorates\/?p=4528"},"modified":"2025-04-08T08:39:42","modified_gmt":"2025-04-08T06:39:42","slug":"setmana-del-conte-3","status":"publish","type":"post","link":"https:\/\/agora.xtec.cat\/escsantiagorates\/portada\/setmana-del-conte-3\/","title":{"rendered":"Setmana del conte"},"content":{"rendered":"<p>Del 22 al 30 d\u2019abril, l\u2019escola celebra la Setmana del Conte. Us convidem a formar-ne part llegint algun conte a la classe del vostre\/a fill o filla o fent-nos arribar un v\u00eddeo o un \u00e0udio. Tamb\u00e9 podeu participar amb algun aspecte relacionat amb el projecte d\u2019escola \u201cQu\u00e8 \u00e9s aix\u00f2 que sona?\u201d.<\/p>\n<p>Per a m\u00e9s informaci\u00f3 o per reservar una data, poseu-vos en contacte amb el tutor o tutora del vostre fill o filla. Us animeu????<\/p>\n<p><a href=\"https:\/\/agora.xtec.cat\/escsantiagorates\/wp-content\/uploads\/usu1786\/2025\/04\/WhatsApp-Image-2025-04-08-at-08.37.02.jpeg\"><img loading=\"lazy\" decoding=\"async\" class=\"aligncenter size-large wp-image-4529\" src=\"https:\/\/agora.xtec.cat\/escsantiagorates\/wp-content\/uploads\/usu1786\/2025\/04\/WhatsApp-Image-2025-04-08-at-08.37.02-724x1024.jpeg\" alt=\"\" width=\"724\" height=\"1024\" srcset=\"https:\/\/agora.xtec.cat\/escsantiagorates\/wp-content\/uploads\/usu1786\/2025\/04\/WhatsApp-Image-2025-04-08-at-08.37.02-724x1024.jpeg 724w, https:\/\/agora.xtec.cat\/escsantiagorates\/wp-content\/uploads\/usu1786\/2025\/04\/WhatsApp-Image-2025-04-08-at-08.37.02-212x300.jpeg 212w, https:\/\/agora.xtec.cat\/escsantiagorates\/wp-content\/uploads\/usu1786\/2025\/04\/WhatsApp-Image-2025-04-08-at-08.37.02-768x1086.jpeg 768w, https:\/\/agora.xtec.cat\/escsantiagorates\/wp-content\/uploads\/usu1786\/2025\/04\/WhatsApp-Image-2025-04-08-at-08.37.02-1086x1536.jpeg 1086w, https:\/\/agora.xtec.cat\/escsantiagorates\/wp-content\/uploads\/usu1786\/2025\/04\/WhatsApp-Image-2025-04-08-at-08.37.02.jpeg 1131w\" sizes=\"auto, (max-width: 724px) 100vw, 724px\" \/><\/a><\/p>\n","protected":false},"excerpt":{"rendered":"<p>Del 22 al 30 d\u2019abril, l\u2019escola celebra la Setmana del Conte. Us convidem a formar-ne part llegint algun conte a la classe del vostre\/a fill o filla o fent-nos arribar un v\u00eddeo o un \u00e0udio. Tamb\u00e9 podeu participar amb algun aspecte relacionat amb el projecte&hellip;  <a href=\"https:\/\/agora.xtec.cat\/escsantiagorates\/portada\/setmana-del-conte-3\/\" title=\"Read Setmana del conte\">Llegeix m\u00e9s\u00bb<\/a><\/p>\n","protected":false},"author":1,"featured_media":0,"comment_status":"closed","ping_status":"closed","sticky":false,"template":"","format":"standard","meta":{"_bbp_topic_count":0,"_bbp_reply_count":0,"_bbp_total_topic_count":0,"_bbp_total_reply_count":0,"_bbp_voice_count":0,"_bbp_anonymous_reply_count":0,"_bbp_topic_count_hidden":0,"_bbp_reply_count_hidden":0,"_bbp_forum_subforum_count":0,"footnotes":""},"categories":[4],"tags":[],"class_list":["post-4528","post","type-post","status-publish","format-standard","hentry","category-portada"],"post_mailing_queue_ids":[],"_links":{"self":[{"href":"https:\/\/agora.xtec.cat\/escsantiagorates\/wp-json\/wp\/v2\/posts\/4528","targetHints":{"allow":["GET"]}}],"collection":[{"href":"https:\/\/agora.xtec.cat\/escsantiagorates\/wp-json\/wp\/v2\/posts"}],"about":[{"href":"https:\/\/agora.xtec.cat\/escsantiagorates\/wp-json\/wp\/v2\/types\/post"}],"author":[{"embeddable":true,"href":"https:\/\/agora.xtec.cat\/escsantiagorates\/wp-json\/wp\/v2\/users\/1"}],"replies":[{"embeddable":true,"href":"https:\/\/agora.xtec.cat\/escsantiagorates\/wp-json\/wp\/v2\/comments?post=4528"}],"version-history":[{"count":1,"href":"https:\/\/agora.xtec.cat\/escsantiagorates\/wp-json\/wp\/v2\/posts\/4528\/revisions"}],"predecessor-version":[{"id":4530,"href":"https:\/\/agora.xtec.cat\/escsantiagorates\/wp-json\/wp\/v2\/posts\/4528\/revisions\/4530"}],"wp:attachment":[{"href":"https:\/\/agora.xtec.cat\/escsantiagorates\/wp-json\/wp\/v2\/media?parent=4528"}],"wp:term":[{"taxonomy":"category","embeddable":true,"href":"https:\/\/agora.xtec.cat\/escsantiagorates\/wp-json\/wp\/v2\/categories?post=4528"},{"taxonomy":"post_tag","embeddable":true,"href":"https:\/\/agora.xtec.cat\/escsantiagorates\/wp-json\/wp\/v2\/tags?post=4528"}],"curies":[{"name":"wp","href":"https:\/\/api.w.org\/{rel}","templated":true}]}}