{"id":4519,"date":"2025-03-31T11:35:24","date_gmt":"2025-03-31T09:35:24","guid":{"rendered":"https:\/\/agora.xtec.cat\/escsantiagorates\/?p=4519"},"modified":"2025-03-31T11:44:50","modified_gmt":"2025-03-31T09:44:50","slug":"escola-dart-coreografic-de-llanca","status":"publish","type":"post","link":"https:\/\/agora.xtec.cat\/escsantiagorates\/portada\/escola-dart-coreografic-de-llanca\/","title":{"rendered":"Escola d&#8217;art coreogr\u00e0fic de Llan\u00e7\u00e0"},"content":{"rendered":"<p><a href=\"https:\/\/agora.xtec.cat\/escsantiagorates\/wp-content\/uploads\/usu1786\/2025\/03\/4.Projecte-Que-es-aixo-que-sona.jpg\">La pr\u00f2xima activitat del projecte &#8220;Qu\u00e8 \u00e9s aix\u00f2 que sona?&#8221; ser\u00e0 sobre dansa. Ens visitaran membres de l&#8217;Escola d&#8217;art coreogr\u00e0fic de Llan\u00e7\u00e0. No us ho podeu perdre!<\/a><\/p>\n<p><a href=\"https:\/\/agora.xtec.cat\/escsantiagorates\/wp-content\/uploads\/usu1786\/2025\/03\/4.Projecte-Que-es-aixo-que-sona.jpg\"><img loading=\"lazy\" decoding=\"async\" class=\"aligncenter size-large wp-image-4520\" src=\"https:\/\/agora.xtec.cat\/escsantiagorates\/wp-content\/uploads\/usu1786\/2025\/03\/4.Projecte-Que-es-aixo-que-sona-682x1024.jpg\" alt=\"\" width=\"682\" height=\"1024\" srcset=\"https:\/\/agora.xtec.cat\/escsantiagorates\/wp-content\/uploads\/usu1786\/2025\/03\/4.Projecte-Que-es-aixo-que-sona-682x1024.jpg 682w, https:\/\/agora.xtec.cat\/escsantiagorates\/wp-content\/uploads\/usu1786\/2025\/03\/4.Projecte-Que-es-aixo-que-sona-200x300.jpg 200w, https:\/\/agora.xtec.cat\/escsantiagorates\/wp-content\/uploads\/usu1786\/2025\/03\/4.Projecte-Que-es-aixo-que-sona-768x1152.jpg 768w, https:\/\/agora.xtec.cat\/escsantiagorates\/wp-content\/uploads\/usu1786\/2025\/03\/4.Projecte-Que-es-aixo-que-sona-1024x1536.jpg 1024w, https:\/\/agora.xtec.cat\/escsantiagorates\/wp-content\/uploads\/usu1786\/2025\/03\/4.Projecte-Que-es-aixo-que-sona.jpg 1333w\" sizes=\"auto, (max-width: 682px) 100vw, 682px\" \/><\/a><\/p>\n","protected":false},"excerpt":{"rendered":"<p><a href=\"https:\/\/agora.xtec.cat\/escsantiagorates\/wp-content\/uploads\/usu1786\/2025\/03\/4.Projecte-Que-es-aixo-que-sona.jpg\">La pr\u00f2xima activitat del projecte &#8220;Qu\u00e8 \u00e9s aix\u00f2 que sona?&#8221; ser\u00e0 sobre dansa. Ens visitaran membres de l&#8217;Escola d&#8217;art coreogr\u00e0fic de Llan\u00e7\u00e0. No us ho podeu perdre!<\/a><br \/>\n<a href=\"https:\/\/agora.xtec.cat\/escsantiagorates\/wp-content\/uploads\/usu1786\/2025\/03\/4.Projecte-Que-es-aixo-que-sona.jpg\"><\/a><\/p>\n","protected":false},"author":1,"featured_media":0,"comment_status":"closed","ping_status":"closed","sticky":false,"template":"","format":"standard","meta":{"_bbp_topic_count":0,"_bbp_reply_count":0,"_bbp_total_topic_count":0,"_bbp_total_reply_count":0,"_bbp_voice_count":0,"_bbp_anonymous_reply_count":0,"_bbp_topic_count_hidden":0,"_bbp_reply_count_hidden":0,"_bbp_forum_subforum_count":0,"footnotes":""},"categories":[4],"tags":[],"class_list":["post-4519","post","type-post","status-publish","format-standard","hentry","category-portada"],"post_mailing_queue_ids":[],"_links":{"self":[{"href":"https:\/\/agora.xtec.cat\/escsantiagorates\/wp-json\/wp\/v2\/posts\/4519","targetHints":{"allow":["GET"]}}],"collection":[{"href":"https:\/\/agora.xtec.cat\/escsantiagorates\/wp-json\/wp\/v2\/posts"}],"about":[{"href":"https:\/\/agora.xtec.cat\/escsantiagorates\/wp-json\/wp\/v2\/types\/post"}],"author":[{"embeddable":true,"href":"https:\/\/agora.xtec.cat\/escsantiagorates\/wp-json\/wp\/v2\/users\/1"}],"replies":[{"embeddable":true,"href":"https:\/\/agora.xtec.cat\/escsantiagorates\/wp-json\/wp\/v2\/comments?post=4519"}],"version-history":[{"count":4,"href":"https:\/\/agora.xtec.cat\/escsantiagorates\/wp-json\/wp\/v2\/posts\/4519\/revisions"}],"predecessor-version":[{"id":4524,"href":"https:\/\/agora.xtec.cat\/escsantiagorates\/wp-json\/wp\/v2\/posts\/4519\/revisions\/4524"}],"wp:attachment":[{"href":"https:\/\/agora.xtec.cat\/escsantiagorates\/wp-json\/wp\/v2\/media?parent=4519"}],"wp:term":[{"taxonomy":"category","embeddable":true,"href":"https:\/\/agora.xtec.cat\/escsantiagorates\/wp-json\/wp\/v2\/categories?post=4519"},{"taxonomy":"post_tag","embeddable":true,"href":"https:\/\/agora.xtec.cat\/escsantiagorates\/wp-json\/wp\/v2\/tags?post=4519"}],"curies":[{"name":"wp","href":"https:\/\/api.w.org\/{rel}","templated":true}]}}