{"id":4473,"date":"2025-03-25T17:28:28","date_gmt":"2025-03-25T16:28:28","guid":{"rendered":"https:\/\/agora.xtec.cat\/escsantiagorates\/?p=4473"},"modified":"2025-03-25T17:28:28","modified_gmt":"2025-03-25T16:28:28","slug":"enfaunat","status":"publish","type":"post","link":"https:\/\/agora.xtec.cat\/escsantiagorates\/arees\/medi\/enfaunat\/","title":{"rendered":"Enfauna&#8217;t"},"content":{"rendered":"<p>Ja sabeu que la nostra escola, durant aquest curs escolar i esperem que pugui continuar amb aquest projecte, participa en l&#8217;Enfauna&#8217;t. Es tracta d&#8217;un projecte per a con\u00e8ixer els animals del nostre entorn mitjan\u00e7ant el fototrampeig. Es tracta d&#8217;una c\u00e0mera que els i les alumnes col\u00b7loquen en diferents espais al costat de la nostra escola, per tal de poder observar els animals que van passant per aquest lloc. Ja hem pogut visualitzar guineus, daines, porcs senglars, conills&#8230;.La primera sortida la vam fer amb CM i CS, per\u00f2 aquesta vegada l&#8217;aula de tercer, va escollir el lloc on deixar la c\u00e0mera. Esperem que a c\u00e0mera capti molts animals !!IMG_36<a href=\"https:\/\/agora.xtec.cat\/escsantiagorates\/wp-content\/uploads\/usu1786\/2025\/03\/enfaunat.jpg\"><img loading=\"lazy\" decoding=\"async\" class=\"alignnone size-full wp-image-4475\" src=\"https:\/\/agora.xtec.cat\/escsantiagorates\/wp-content\/uploads\/usu1786\/2025\/03\/enfaunat.jpg\" alt=\"\" width=\"827\" height=\"550\" srcset=\"https:\/\/agora.xtec.cat\/escsantiagorates\/wp-content\/uploads\/usu1786\/2025\/03\/enfaunat.jpg 827w, https:\/\/agora.xtec.cat\/escsantiagorates\/wp-content\/uploads\/usu1786\/2025\/03\/enfaunat-300x200.jpg 300w, https:\/\/agora.xtec.cat\/escsantiagorates\/wp-content\/uploads\/usu1786\/2025\/03\/enfaunat-768x511.jpg 768w\" sizes=\"auto, (max-width: 827px) 100vw, 827px\" \/><\/a><a href=\"https:\/\/agora.xtec.cat\/escsantiagorates\/wp-content\/uploads\/usu1786\/2025\/03\/IMG_36812.7z\">81[2]<\/a><\/p>\n","protected":false},"excerpt":{"rendered":"<p>Ja sabeu que la nostra escola, durant aquest curs escolar i esperem que pugui continuar amb aquest projecte, participa en l&#8217;Enfauna&#8217;t. Es tracta d&#8217;un projecte per a con\u00e8ixer els animals del nostre entorn mitjan\u00e7ant el fototrampeig. Es tracta d&#8217;una c\u00e0mera que els i les alumnes&hellip;  <a href=\"https:\/\/agora.xtec.cat\/escsantiagorates\/arees\/medi\/enfaunat\/\" title=\"Read Enfauna&#8217;t\">Llegeix m\u00e9s\u00bb<\/a><\/p>\n","protected":false},"author":52,"featured_media":0,"comment_status":"open","ping_status":"closed","sticky":false,"template":"","format":"standard","meta":{"_bbp_topic_count":0,"_bbp_reply_count":0,"_bbp_total_topic_count":0,"_bbp_total_reply_count":0,"_bbp_voice_count":0,"_bbp_anonymous_reply_count":0,"_bbp_topic_count_hidden":0,"_bbp_reply_count_hidden":0,"_bbp_forum_subforum_count":0,"footnotes":""},"categories":[144,81],"tags":[],"class_list":["post-4473","post","type-post","status-publish","format-standard","hentry","category-tercer-quart","category-medi"],"post_mailing_queue_ids":[],"_links":{"self":[{"href":"https:\/\/agora.xtec.cat\/escsantiagorates\/wp-json\/wp\/v2\/posts\/4473","targetHints":{"allow":["GET"]}}],"collection":[{"href":"https:\/\/agora.xtec.cat\/escsantiagorates\/wp-json\/wp\/v2\/posts"}],"about":[{"href":"https:\/\/agora.xtec.cat\/escsantiagorates\/wp-json\/wp\/v2\/types\/post"}],"author":[{"embeddable":true,"href":"https:\/\/agora.xtec.cat\/escsantiagorates\/wp-json\/wp\/v2\/users\/52"}],"replies":[{"embeddable":true,"href":"https:\/\/agora.xtec.cat\/escsantiagorates\/wp-json\/wp\/v2\/comments?post=4473"}],"version-history":[{"count":1,"href":"https:\/\/agora.xtec.cat\/escsantiagorates\/wp-json\/wp\/v2\/posts\/4473\/revisions"}],"predecessor-version":[{"id":4476,"href":"https:\/\/agora.xtec.cat\/escsantiagorates\/wp-json\/wp\/v2\/posts\/4473\/revisions\/4476"}],"wp:attachment":[{"href":"https:\/\/agora.xtec.cat\/escsantiagorates\/wp-json\/wp\/v2\/media?parent=4473"}],"wp:term":[{"taxonomy":"category","embeddable":true,"href":"https:\/\/agora.xtec.cat\/escsantiagorates\/wp-json\/wp\/v2\/categories?post=4473"},{"taxonomy":"post_tag","embeddable":true,"href":"https:\/\/agora.xtec.cat\/escsantiagorates\/wp-json\/wp\/v2\/tags?post=4473"}],"curies":[{"name":"wp","href":"https:\/\/api.w.org\/{rel}","templated":true}]}}