{"id":4466,"date":"2025-03-25T16:10:43","date_gmt":"2025-03-25T15:10:43","guid":{"rendered":"https:\/\/agora.xtec.cat\/escsantiagorates\/?p=4466"},"modified":"2025-03-25T16:10:43","modified_gmt":"2025-03-25T15:10:43","slug":"ja-tenim-aqui-el-planter","status":"publish","type":"post","link":"https:\/\/agora.xtec.cat\/escsantiagorates\/arees\/medi\/ja-tenim-aqui-el-planter\/","title":{"rendered":"Ja tenim aqu\u00ed el planter!"},"content":{"rendered":"<p>Els i les alumnes de tercer ja hem plantat el nostre planter de primavera. Primer de tot hem preparat la terra i l&#8217;hem ben airejat i finalment hem plantat les nostres verdures. Tamb\u00e9 hem decidit fer un planter a part d&#8217;espinacs. Tamb\u00e9 ho hem apuntat tot al nostre diari de l&#8217;hort i aix\u00ed quedar\u00e0 const\u00e0ncia de tot el que hem anat fent durant tot el curs. Hem gaudit molt d&#8217;aquest dia a l&#8217;aire lliure!<a href=\"https:\/\/agora.xtec.cat\/escsantiagorates\/wp-content\/uploads\/usu1786\/2025\/03\/JMEDE70591.jpg\"><img loading=\"lazy\" decoding=\"async\" class=\"alignnone size-large wp-image-4467\" src=\"https:\/\/agora.xtec.cat\/escsantiagorates\/wp-content\/uploads\/usu1786\/2025\/03\/JMEDE70591-768x1024.jpg\" alt=\"\" width=\"768\" height=\"1024\" srcset=\"https:\/\/agora.xtec.cat\/escsantiagorates\/wp-content\/uploads\/usu1786\/2025\/03\/JMEDE70591-768x1024.jpg 768w, https:\/\/agora.xtec.cat\/escsantiagorates\/wp-content\/uploads\/usu1786\/2025\/03\/JMEDE70591-225x300.jpg 225w, https:\/\/agora.xtec.cat\/escsantiagorates\/wp-content\/uploads\/usu1786\/2025\/03\/JMEDE70591-1152x1536.jpg 1152w, https:\/\/agora.xtec.cat\/escsantiagorates\/wp-content\/uploads\/usu1786\/2025\/03\/JMEDE70591.jpg 1200w\" sizes=\"auto, (max-width: 768px) 100vw, 768px\" \/><\/a> <a href=\"https:\/\/agora.xtec.cat\/escsantiagorates\/wp-content\/uploads\/usu1786\/2025\/03\/EBBEE32091.jpg\"><img loading=\"lazy\" decoding=\"async\" class=\"alignnone size-large wp-image-4468\" src=\"https:\/\/agora.xtec.cat\/escsantiagorates\/wp-content\/uploads\/usu1786\/2025\/03\/EBBEE32091-768x1024.jpg\" alt=\"\" width=\"768\" height=\"1024\" srcset=\"https:\/\/agora.xtec.cat\/escsantiagorates\/wp-content\/uploads\/usu1786\/2025\/03\/EBBEE32091-768x1024.jpg 768w, https:\/\/agora.xtec.cat\/escsantiagorates\/wp-content\/uploads\/usu1786\/2025\/03\/EBBEE32091-225x300.jpg 225w, https:\/\/agora.xtec.cat\/escsantiagorates\/wp-content\/uploads\/usu1786\/2025\/03\/EBBEE32091-1152x1536.jpg 1152w, https:\/\/agora.xtec.cat\/escsantiagorates\/wp-content\/uploads\/usu1786\/2025\/03\/EBBEE32091.jpg 1200w\" sizes=\"auto, (max-width: 768px) 100vw, 768px\" \/><\/a><\/p>\n","protected":false},"excerpt":{"rendered":"<p>Els i les alumnes de tercer ja hem plantat el nostre planter de primavera. Primer de tot hem preparat la terra i l&#8217;hem ben airejat i finalment hem plantat les nostres verdures. Tamb\u00e9 hem decidit fer un planter a part d&#8217;espinacs. Tamb\u00e9 ho hem apuntat&hellip;  <a href=\"https:\/\/agora.xtec.cat\/escsantiagorates\/arees\/medi\/ja-tenim-aqui-el-planter\/\" title=\"Read Ja tenim aqu\u00ed el planter!\">Llegeix m\u00e9s\u00bb<\/a><\/p>\n","protected":false},"author":52,"featured_media":0,"comment_status":"open","ping_status":"closed","sticky":false,"template":"","format":"standard","meta":{"_bbp_topic_count":0,"_bbp_reply_count":0,"_bbp_total_topic_count":0,"_bbp_total_reply_count":0,"_bbp_voice_count":0,"_bbp_anonymous_reply_count":0,"_bbp_topic_count_hidden":0,"_bbp_reply_count_hidden":0,"_bbp_forum_subforum_count":0,"footnotes":""},"categories":[144,81],"tags":[],"class_list":["post-4466","post","type-post","status-publish","format-standard","hentry","category-tercer-quart","category-medi"],"post_mailing_queue_ids":[],"_links":{"self":[{"href":"https:\/\/agora.xtec.cat\/escsantiagorates\/wp-json\/wp\/v2\/posts\/4466","targetHints":{"allow":["GET"]}}],"collection":[{"href":"https:\/\/agora.xtec.cat\/escsantiagorates\/wp-json\/wp\/v2\/posts"}],"about":[{"href":"https:\/\/agora.xtec.cat\/escsantiagorates\/wp-json\/wp\/v2\/types\/post"}],"author":[{"embeddable":true,"href":"https:\/\/agora.xtec.cat\/escsantiagorates\/wp-json\/wp\/v2\/users\/52"}],"replies":[{"embeddable":true,"href":"https:\/\/agora.xtec.cat\/escsantiagorates\/wp-json\/wp\/v2\/comments?post=4466"}],"version-history":[{"count":1,"href":"https:\/\/agora.xtec.cat\/escsantiagorates\/wp-json\/wp\/v2\/posts\/4466\/revisions"}],"predecessor-version":[{"id":4469,"href":"https:\/\/agora.xtec.cat\/escsantiagorates\/wp-json\/wp\/v2\/posts\/4466\/revisions\/4469"}],"wp:attachment":[{"href":"https:\/\/agora.xtec.cat\/escsantiagorates\/wp-json\/wp\/v2\/media?parent=4466"}],"wp:term":[{"taxonomy":"category","embeddable":true,"href":"https:\/\/agora.xtec.cat\/escsantiagorates\/wp-json\/wp\/v2\/categories?post=4466"},{"taxonomy":"post_tag","embeddable":true,"href":"https:\/\/agora.xtec.cat\/escsantiagorates\/wp-json\/wp\/v2\/tags?post=4466"}],"curies":[{"name":"wp","href":"https:\/\/api.w.org\/{rel}","templated":true}]}}