{"id":4455,"date":"2025-03-23T14:11:51","date_gmt":"2025-03-23T13:11:51","guid":{"rendered":"https:\/\/agora.xtec.cat\/escsantiagorates\/?p=4455"},"modified":"2025-03-23T14:11:51","modified_gmt":"2025-03-23T13:11:51","slug":"paraules-amables-a-4t","status":"publish","type":"post","link":"https:\/\/agora.xtec.cat\/escsantiagorates\/5e\/paraules-amables-a-4t\/","title":{"rendered":"Paraules amables a 4t"},"content":{"rendered":"<p>La setmana passada va venir la Laura del<strong> Sigues Tu\u2764\ufe0f\u200d\ud83e\ude79\u200b<\/strong> a fer un taller sobre <strong>paraules amables\ud83d\udcac\u200b<\/strong> a 4t. A l&#8217;aula ja tenim un panell amb paraules amables que hem d&#8217;anar posant en pr\u00e0ctica al dia a dia i aques taller n&#8217;\u00e9s la continuaci\u00f3.<\/p>\n<p>Vam parlar de quines emocions relacionem amb <strong>l&#8217;amabilitat\u263a\ufe0f<\/strong>, vam fer d&#8217;est\u00e0tues imaginant-nos que \u00e9rem el personatge d&#8217;una hist\u00f2ria i fins i tot vam posar reptes als nostres companys per treballar qu\u00e8 \u00e9s <strong>l&#8217;empatia\ud83e\udec2\u200b<\/strong>. No tothom va voler fer el repte!<\/p>\n<p>Van sorgir reflexions molt interessants aprenent a posar-nos al lloc de l&#8217;altre.<\/p>\n<p>Voleu veure&#8217;n algunes imatges? <a href=\"https:\/\/classroom.google.com\/c\/NzEzNDgyNjE4MzM2\/m\/NzYxOTY4MjI4NzUw\/details\">Feu clic aqu\u00ed<\/a>!<\/p>\n<p><a href=\"https:\/\/agora.xtec.cat\/escsantiagorates\/wp-content\/uploads\/usu1786\/2025\/03\/kindness.webp\"><img loading=\"lazy\" decoding=\"async\" class=\"wp-image-4456 aligncenter\" src=\"https:\/\/agora.xtec.cat\/escsantiagorates\/wp-content\/uploads\/usu1786\/2025\/03\/kindness-1024x1024.webp\" alt=\"\" width=\"240\" height=\"240\" srcset=\"https:\/\/agora.xtec.cat\/escsantiagorates\/wp-content\/uploads\/usu1786\/2025\/03\/kindness-1024x1024.webp 1024w, https:\/\/agora.xtec.cat\/escsantiagorates\/wp-content\/uploads\/usu1786\/2025\/03\/kindness-300x300.webp 300w, https:\/\/agora.xtec.cat\/escsantiagorates\/wp-content\/uploads\/usu1786\/2025\/03\/kindness-150x150.webp 150w, https:\/\/agora.xtec.cat\/escsantiagorates\/wp-content\/uploads\/usu1786\/2025\/03\/kindness-768x768.webp 768w, https:\/\/agora.xtec.cat\/escsantiagorates\/wp-content\/uploads\/usu1786\/2025\/03\/kindness-1536x1536.webp 1536w, https:\/\/agora.xtec.cat\/escsantiagorates\/wp-content\/uploads\/usu1786\/2025\/03\/kindness-2048x2048.webp 2048w\" sizes=\"auto, (max-width: 240px) 100vw, 240px\" \/><\/a><\/p>\n","protected":false},"excerpt":{"rendered":"<p>La setmana passada va venir la Laura del Sigues Tu\u2764\ufe0f\u200d\ud83e\ude79\u200b a fer un taller sobre paraules amables\ud83d\udcac\u200b a 4t. A l&#8217;aula ja tenim un panell amb paraules amables que hem d&#8217;anar posant en pr\u00e0ctica al dia a dia i aques taller n&#8217;\u00e9s la continuaci\u00f3.<br \/>\nVam parlar&hellip;  <a href=\"https:\/\/agora.xtec.cat\/escsantiagorates\/5e\/paraules-amables-a-4t\/\" title=\"Read Paraules amables a 4t\">Llegeix m\u00e9s\u00bb<\/a><\/p>\n","protected":false},"author":64,"featured_media":4456,"comment_status":"open","ping_status":"closed","sticky":false,"template":"","format":"standard","meta":{"_bbp_topic_count":0,"_bbp_reply_count":0,"_bbp_total_topic_count":0,"_bbp_total_reply_count":0,"_bbp_voice_count":0,"_bbp_anonymous_reply_count":0,"_bbp_topic_count_hidden":0,"_bbp_reply_count_hidden":0,"_bbp_forum_subforum_count":0,"footnotes":""},"categories":[60,93],"tags":[],"class_list":["post-4455","post","type-post","status-publish","format-standard","has-post-thumbnail","hentry","category-5e","category-valors"],"post_mailing_queue_ids":[],"_links":{"self":[{"href":"https:\/\/agora.xtec.cat\/escsantiagorates\/wp-json\/wp\/v2\/posts\/4455","targetHints":{"allow":["GET"]}}],"collection":[{"href":"https:\/\/agora.xtec.cat\/escsantiagorates\/wp-json\/wp\/v2\/posts"}],"about":[{"href":"https:\/\/agora.xtec.cat\/escsantiagorates\/wp-json\/wp\/v2\/types\/post"}],"author":[{"embeddable":true,"href":"https:\/\/agora.xtec.cat\/escsantiagorates\/wp-json\/wp\/v2\/users\/64"}],"replies":[{"embeddable":true,"href":"https:\/\/agora.xtec.cat\/escsantiagorates\/wp-json\/wp\/v2\/comments?post=4455"}],"version-history":[{"count":1,"href":"https:\/\/agora.xtec.cat\/escsantiagorates\/wp-json\/wp\/v2\/posts\/4455\/revisions"}],"predecessor-version":[{"id":4457,"href":"https:\/\/agora.xtec.cat\/escsantiagorates\/wp-json\/wp\/v2\/posts\/4455\/revisions\/4457"}],"wp:featuredmedia":[{"embeddable":true,"href":"https:\/\/agora.xtec.cat\/escsantiagorates\/wp-json\/wp\/v2\/media\/4456"}],"wp:attachment":[{"href":"https:\/\/agora.xtec.cat\/escsantiagorates\/wp-json\/wp\/v2\/media?parent=4455"}],"wp:term":[{"taxonomy":"category","embeddable":true,"href":"https:\/\/agora.xtec.cat\/escsantiagorates\/wp-json\/wp\/v2\/categories?post=4455"},{"taxonomy":"post_tag","embeddable":true,"href":"https:\/\/agora.xtec.cat\/escsantiagorates\/wp-json\/wp\/v2\/tags?post=4455"}],"curies":[{"name":"wp","href":"https:\/\/api.w.org\/{rel}","templated":true}]}}