{"id":4266,"date":"2025-01-31T13:14:07","date_gmt":"2025-01-31T12:14:07","guid":{"rendered":"https:\/\/agora.xtec.cat\/escsantiagorates\/?p=4266"},"modified":"2025-01-31T17:34:40","modified_gmt":"2025-01-31T16:34:40","slug":"la-historia-de-la-yulia","status":"publish","type":"post","link":"https:\/\/agora.xtec.cat\/escsantiagorates\/general\/la-historia-de-la-yulia\/","title":{"rendered":"La hist\u00f2ria de la Yulia\u2764\ufe0f\u200d\ud83e\ude79\u200b"},"content":{"rendered":"<p>Des d&#8217;emocions, fa dues setmanes que treballem <strong>la hist\u00f2ria de la Yulia\ud83d\udc67\u200b<\/strong>, una nena que es troba en situaci\u00f3 d&#8217;<strong>emerg\u00e8ncia humanit\u00e0ria\ud83d\udea8<\/strong>. Vivia tranquil\u00b7lament a la seva ciutat quan va notar que cada cop m\u00e9s sonaven les sirenes d&#8217;emerg\u00e8ncia fins al punt d&#8217;acabar vivint al subterrani de casa. La trista hist\u00f2ria de la Yulia acaba amb qu\u00e8 han de marxar del lloc on viuen perqu\u00e8 no \u00e9s segur.<\/p>\n<p>A 4t <strong>ens hem posat a la pell\u2764\ufe0f\u200d\ud83e\ude79\u200b<\/strong> de la Yulia i l&#8217;hem volgut plasmar amb dibuixos. A trav\u00e9s d&#8217;una din\u00e0mica per grups, hem pogut imaginar qu\u00e8 estaria pensant en cada moment de la seva vida, fins a l&#8217;hora de marxar de la ciutat. Finalment vam rellegir el pensaments i vam reflexionar-hi.<\/p>\n<p>Aquest \u00e9s el motiu pel qual entre tots vam decidir posar el nostre granet de sorra i contribuir amb <strong>Save the Children<\/strong> a la cursa <strong>Km de Solidaritat\ud83c\udfc3\ud83c\udffe\u200d\u2642\ufe0f<\/strong> que es va dur a terme ahir, a nivell de centre.<\/p>\n<p><a href=\"https:\/\/classroom.google.com\/c\/NzEzNDgyNjE4MzM2\/m\/NzQ4MDk4MjQ4NjY5\/details\">Us deixem amb algunes imatges<\/a> dels nostres dibuixos, des del Classroom!<\/p>\n","protected":false},"excerpt":{"rendered":"<p>Des d&#8217;emocions, fa dues setmanes que treballem la hist\u00f2ria de la Yulia\ud83d\udc67\u200b, una nena que es troba en situaci\u00f3 d&#8217;emerg\u00e8ncia humanit\u00e0ria\ud83d\udea8. Vivia tranquil\u00b7lament a la seva ciutat quan va notar que cada cop m\u00e9s sonaven les sirenes d&#8217;emerg\u00e8ncia fins al punt d&#8217;acabar vivint al subterrani&hellip;  <a href=\"https:\/\/agora.xtec.cat\/escsantiagorates\/general\/la-historia-de-la-yulia\/\" title=\"Read La hist\u00f2ria de la Yulia\u2764\ufe0f\u200d\ud83e\ude79\u200b\">Llegeix m\u00e9s\u00bb<\/a><\/p>\n","protected":false},"author":64,"featured_media":4268,"comment_status":"open","ping_status":"closed","sticky":false,"template":"","format":"standard","meta":{"_bbp_topic_count":0,"_bbp_reply_count":0,"_bbp_total_topic_count":0,"_bbp_total_reply_count":0,"_bbp_voice_count":0,"_bbp_anonymous_reply_count":0,"_bbp_topic_count_hidden":0,"_bbp_reply_count_hidden":0,"_bbp_forum_subforum_count":0,"footnotes":""},"categories":[60,1],"tags":[],"class_list":["post-4266","post","type-post","status-publish","format-standard","has-post-thumbnail","hentry","category-5e","category-general"],"post_mailing_queue_ids":[],"_links":{"self":[{"href":"https:\/\/agora.xtec.cat\/escsantiagorates\/wp-json\/wp\/v2\/posts\/4266","targetHints":{"allow":["GET"]}}],"collection":[{"href":"https:\/\/agora.xtec.cat\/escsantiagorates\/wp-json\/wp\/v2\/posts"}],"about":[{"href":"https:\/\/agora.xtec.cat\/escsantiagorates\/wp-json\/wp\/v2\/types\/post"}],"author":[{"embeddable":true,"href":"https:\/\/agora.xtec.cat\/escsantiagorates\/wp-json\/wp\/v2\/users\/64"}],"replies":[{"embeddable":true,"href":"https:\/\/agora.xtec.cat\/escsantiagorates\/wp-json\/wp\/v2\/comments?post=4266"}],"version-history":[{"count":3,"href":"https:\/\/agora.xtec.cat\/escsantiagorates\/wp-json\/wp\/v2\/posts\/4266\/revisions"}],"predecessor-version":[{"id":4311,"href":"https:\/\/agora.xtec.cat\/escsantiagorates\/wp-json\/wp\/v2\/posts\/4266\/revisions\/4311"}],"wp:featuredmedia":[{"embeddable":true,"href":"https:\/\/agora.xtec.cat\/escsantiagorates\/wp-json\/wp\/v2\/media\/4268"}],"wp:attachment":[{"href":"https:\/\/agora.xtec.cat\/escsantiagorates\/wp-json\/wp\/v2\/media?parent=4266"}],"wp:term":[{"taxonomy":"category","embeddable":true,"href":"https:\/\/agora.xtec.cat\/escsantiagorates\/wp-json\/wp\/v2\/categories?post=4266"},{"taxonomy":"post_tag","embeddable":true,"href":"https:\/\/agora.xtec.cat\/escsantiagorates\/wp-json\/wp\/v2\/tags?post=4266"}],"curies":[{"name":"wp","href":"https:\/\/api.w.org\/{rel}","templated":true}]}}