{"id":4143,"date":"2024-11-11T21:38:00","date_gmt":"2024-11-11T20:38:00","guid":{"rendered":"https:\/\/agora.xtec.cat\/escsantiagorates\/?p=4143"},"modified":"2024-11-11T21:47:35","modified_gmt":"2024-11-11T20:47:35","slug":"inventem-histories","status":"publish","type":"post","link":"https:\/\/agora.xtec.cat\/escsantiagorates\/general\/inventem-histories\/","title":{"rendered":"Inventem hist\u00f2ries"},"content":{"rendered":"<p>Els nens i les nenes de la classe dels elefants (I4 i i5), hem fet volar la imaginaci\u00f3 tot inventant dues hist\u00f2ries a partir dels seg\u00fcents elements: castanyes, plomes, unes pedres brillants,una bosseta, fulles, un nino de fusta,pinyes&#8230;.En una altra sessi\u00f3 hem inventat un t\u00edtol per cada conte i hem fet una petita tasca d&#8217;escriptura. A continuaci\u00f3 podeu llegir aquestes hist\u00f2ries:<\/p>\n<p><strong>LA FADA DEL BOSC<\/strong><\/p>\n<p>HI HAVIA UNA VEGADA UNES <strong>PEDRES<\/strong> BRILLANTS QUE VAN CAURE AL RIU. UN NEN LES VA\u00a0 AGAFAR I VA VEURE QUE JA NO BRILLAVEN.LLAVORS VA VENIR UNA <strong>FADA <\/strong>QUE LI VA\u00a0DONAR UNA <strong>BOSSA M\u00c0GICA<\/strong>.LES PEDRES ES VAN TORNAR BRILLANTS.EL NEN SE LES VA EMPORTAR A CASA.PEL CAM\u00cd VA RECOLLIR COSES DEL BOSC:<strong>CASTANYES<\/strong>,<strong>PLOMES<\/strong>, <strong>FULLES<\/strong> I ESTAVA MOLT CONTENT.<\/p>\n<p><strong>LES PLOMES M\u00c0GIQUES<\/strong><\/p>\n<p>HI HAVIA UNA VEGADA UNES <strong>PEDRES<\/strong> BRILLANTS.UN NEN ES VA ENTREBANCAR AMB ELLES.DESPR\u00c9S VA AGAFAR UNES<strong> PLOMES<\/strong> QUE EREN M\u00c0GIQUES I ES VA CURAR.FINALMENT VA AGAFAR UNA <strong>BOSSA<\/strong> I VA COLLIR <strong>CASTANYES<\/strong>.<\/p>\n<p><a href=\"https:\/\/agora.xtec.cat\/escsantiagorates\/wp-content\/uploads\/usu1786\/2024\/11\/20241108_122551.jpg\"><img loading=\"lazy\" decoding=\"async\" class=\"alignnone size-large wp-image-4145\" src=\"https:\/\/agora.xtec.cat\/escsantiagorates\/wp-content\/uploads\/usu1786\/2024\/11\/20241108_122551.jpg\" alt=\"\" width=\"965\" height=\"735\" srcset=\"https:\/\/agora.xtec.cat\/escsantiagorates\/wp-content\/uploads\/usu1786\/2024\/11\/20241108_122551.jpg 965w, https:\/\/agora.xtec.cat\/escsantiagorates\/wp-content\/uploads\/usu1786\/2024\/11\/20241108_122551-300x228.jpg 300w, https:\/\/agora.xtec.cat\/escsantiagorates\/wp-content\/uploads\/usu1786\/2024\/11\/20241108_122551-768x585.jpg 768w\" sizes=\"auto, (max-width: 965px) 100vw, 965px\" \/><\/a> <a href=\"https:\/\/agora.xtec.cat\/escsantiagorates\/wp-content\/uploads\/usu1786\/2024\/11\/20241106_092814.jpg\"><img loading=\"lazy\" decoding=\"async\" class=\"alignnone size-large wp-image-4146\" src=\"https:\/\/agora.xtec.cat\/escsantiagorates\/wp-content\/uploads\/usu1786\/2024\/11\/20241106_092814-1024x768.jpg\" alt=\"\" width=\"1024\" height=\"768\" srcset=\"https:\/\/agora.xtec.cat\/escsantiagorates\/wp-content\/uploads\/usu1786\/2024\/11\/20241106_092814-1024x768.jpg 1024w, https:\/\/agora.xtec.cat\/escsantiagorates\/wp-content\/uploads\/usu1786\/2024\/11\/20241106_092814-300x225.jpg 300w, https:\/\/agora.xtec.cat\/escsantiagorates\/wp-content\/uploads\/usu1786\/2024\/11\/20241106_092814-768x576.jpg 768w, https:\/\/agora.xtec.cat\/escsantiagorates\/wp-content\/uploads\/usu1786\/2024\/11\/20241106_092814-1536x1152.jpg 1536w, https:\/\/agora.xtec.cat\/escsantiagorates\/wp-content\/uploads\/usu1786\/2024\/11\/20241106_092814-200x150.jpg 200w, https:\/\/agora.xtec.cat\/escsantiagorates\/wp-content\/uploads\/usu1786\/2024\/11\/20241106_092814.jpg 1600w\" sizes=\"auto, (max-width: 1024px) 100vw, 1024px\" \/><\/a><\/p>\n","protected":false},"excerpt":{"rendered":"<p>Els nens i les nenes de la classe dels elefants (I4 i i5), hem fet volar la imaginaci\u00f3 tot inventant dues hist\u00f2ries a partir dels seg\u00fcents elements: castanyes, plomes, unes pedres brillants,una bosseta, fulles, un nino de fusta,pinyes&#8230;.En una altra sessi\u00f3 hem inventat un t\u00edtol&hellip;  <a href=\"https:\/\/agora.xtec.cat\/escsantiagorates\/general\/inventem-histories\/\" title=\"Read Inventem hist\u00f2ries\">Llegeix m\u00e9s\u00bb<\/a><\/p>\n","protected":false},"author":51,"featured_media":0,"comment_status":"open","ping_status":"closed","sticky":false,"template":"","format":"standard","meta":{"_bbp_topic_count":0,"_bbp_reply_count":0,"_bbp_total_topic_count":0,"_bbp_total_reply_count":0,"_bbp_voice_count":0,"_bbp_anonymous_reply_count":0,"_bbp_topic_count_hidden":0,"_bbp_reply_count_hidden":0,"_bbp_forum_subforum_count":0,"footnotes":""},"categories":[1,79],"tags":[],"class_list":["post-4143","post","type-post","status-publish","format-standard","hentry","category-general","category-taronja-infantil"],"post_mailing_queue_ids":[],"_links":{"self":[{"href":"https:\/\/agora.xtec.cat\/escsantiagorates\/wp-json\/wp\/v2\/posts\/4143","targetHints":{"allow":["GET"]}}],"collection":[{"href":"https:\/\/agora.xtec.cat\/escsantiagorates\/wp-json\/wp\/v2\/posts"}],"about":[{"href":"https:\/\/agora.xtec.cat\/escsantiagorates\/wp-json\/wp\/v2\/types\/post"}],"author":[{"embeddable":true,"href":"https:\/\/agora.xtec.cat\/escsantiagorates\/wp-json\/wp\/v2\/users\/51"}],"replies":[{"embeddable":true,"href":"https:\/\/agora.xtec.cat\/escsantiagorates\/wp-json\/wp\/v2\/comments?post=4143"}],"version-history":[{"count":3,"href":"https:\/\/agora.xtec.cat\/escsantiagorates\/wp-json\/wp\/v2\/posts\/4143\/revisions"}],"predecessor-version":[{"id":4149,"href":"https:\/\/agora.xtec.cat\/escsantiagorates\/wp-json\/wp\/v2\/posts\/4143\/revisions\/4149"}],"wp:attachment":[{"href":"https:\/\/agora.xtec.cat\/escsantiagorates\/wp-json\/wp\/v2\/media?parent=4143"}],"wp:term":[{"taxonomy":"category","embeddable":true,"href":"https:\/\/agora.xtec.cat\/escsantiagorates\/wp-json\/wp\/v2\/categories?post=4143"},{"taxonomy":"post_tag","embeddable":true,"href":"https:\/\/agora.xtec.cat\/escsantiagorates\/wp-json\/wp\/v2\/tags?post=4143"}],"curies":[{"name":"wp","href":"https:\/\/api.w.org\/{rel}","templated":true}]}}