{"id":4046,"date":"2024-09-10T12:50:43","date_gmt":"2024-09-10T10:50:43","guid":{"rendered":"https:\/\/agora.xtec.cat\/escsantiagorates\/?p=4046"},"modified":"2024-09-10T12:51:04","modified_gmt":"2024-09-10T10:51:04","slug":"setmana-de-la-mobilitat-2024","status":"publish","type":"post","link":"https:\/\/agora.xtec.cat\/escsantiagorates\/portada\/setmana-de-la-mobilitat-2024\/","title":{"rendered":"Setmana de la mobilitat 2024"},"content":{"rendered":"<h3><span style=\"color: #ff0000;\"><strong>ATENCI\u00d3<\/strong><\/span>:<strong> Cicle Mitj\u00e0 i Superior entraran per la porta d&#8217;educaci\u00f3 infantil i sortiran per la porta principal durant aquesta setmana, a causa de la circulaci\u00f3 de vehicles pel corriol.\u00a0<\/strong><\/h3>\n<p><a href=\"https:\/\/agora.xtec.cat\/escsantiagorates\/wp-content\/uploads\/usu1786\/2024\/09\/Setmana-mobilitat24.png\"><img loading=\"lazy\" decoding=\"async\" class=\"aligncenter wp-image-4049 size-full\" src=\"https:\/\/agora.xtec.cat\/escsantiagorates\/wp-content\/uploads\/usu1786\/2024\/09\/Setmana-mobilitat24.png\" alt=\"\" width=\"965\" height=\"687\" srcset=\"https:\/\/agora.xtec.cat\/escsantiagorates\/wp-content\/uploads\/usu1786\/2024\/09\/Setmana-mobilitat24.png 965w, https:\/\/agora.xtec.cat\/escsantiagorates\/wp-content\/uploads\/usu1786\/2024\/09\/Setmana-mobilitat24-300x214.png 300w, https:\/\/agora.xtec.cat\/escsantiagorates\/wp-content\/uploads\/usu1786\/2024\/09\/Setmana-mobilitat24-768x547.png 768w\" sizes=\"auto, (max-width: 965px) 100vw, 965px\" \/><\/a><\/p>\n<p>&nbsp;<\/p>\n","protected":false},"excerpt":{"rendered":"<p>ATENCI\u00d3: Cicle Mitj\u00e0 i Superior entraran per la porta d&#8217;educaci\u00f3 infantil i sortiran per la porta principal durant aquesta setmana, a causa de la circulaci\u00f3 de vehicles pel corriol.\u00a0<br \/>\n<a href=\"https:\/\/agora.xtec.cat\/escsantiagorates\/wp-content\/uploads\/usu1786\/2024\/09\/Setmana-mobilitat24.png\"><\/a><br \/>\n&nbsp;<\/p>\n","protected":false},"author":1,"featured_media":0,"comment_status":"closed","ping_status":"closed","sticky":false,"template":"","format":"standard","meta":{"_bbp_topic_count":0,"_bbp_reply_count":0,"_bbp_total_topic_count":0,"_bbp_total_reply_count":0,"_bbp_voice_count":0,"_bbp_anonymous_reply_count":0,"_bbp_topic_count_hidden":0,"_bbp_reply_count_hidden":0,"_bbp_forum_subforum_count":0,"footnotes":""},"categories":[4],"tags":[],"class_list":["post-4046","post","type-post","status-publish","format-standard","hentry","category-portada"],"post_mailing_queue_ids":[],"_links":{"self":[{"href":"https:\/\/agora.xtec.cat\/escsantiagorates\/wp-json\/wp\/v2\/posts\/4046","targetHints":{"allow":["GET"]}}],"collection":[{"href":"https:\/\/agora.xtec.cat\/escsantiagorates\/wp-json\/wp\/v2\/posts"}],"about":[{"href":"https:\/\/agora.xtec.cat\/escsantiagorates\/wp-json\/wp\/v2\/types\/post"}],"author":[{"embeddable":true,"href":"https:\/\/agora.xtec.cat\/escsantiagorates\/wp-json\/wp\/v2\/users\/1"}],"replies":[{"embeddable":true,"href":"https:\/\/agora.xtec.cat\/escsantiagorates\/wp-json\/wp\/v2\/comments?post=4046"}],"version-history":[{"count":2,"href":"https:\/\/agora.xtec.cat\/escsantiagorates\/wp-json\/wp\/v2\/posts\/4046\/revisions"}],"predecessor-version":[{"id":4051,"href":"https:\/\/agora.xtec.cat\/escsantiagorates\/wp-json\/wp\/v2\/posts\/4046\/revisions\/4051"}],"wp:attachment":[{"href":"https:\/\/agora.xtec.cat\/escsantiagorates\/wp-json\/wp\/v2\/media?parent=4046"}],"wp:term":[{"taxonomy":"category","embeddable":true,"href":"https:\/\/agora.xtec.cat\/escsantiagorates\/wp-json\/wp\/v2\/categories?post=4046"},{"taxonomy":"post_tag","embeddable":true,"href":"https:\/\/agora.xtec.cat\/escsantiagorates\/wp-json\/wp\/v2\/tags?post=4046"}],"curies":[{"name":"wp","href":"https:\/\/api.w.org\/{rel}","templated":true}]}}