{"id":3994,"date":"2024-06-11T14:38:57","date_gmt":"2024-06-11T12:38:57","guid":{"rendered":"https:\/\/agora.xtec.cat\/escsantiagorates\/?p=3994"},"modified":"2026-02-17T12:59:20","modified_gmt":"2026-02-17T11:59:20","slug":"informacio-matricula","status":"publish","type":"post","link":"https:\/\/agora.xtec.cat\/escsantiagorates\/pre-i-matricula\/informacio-matricula\/","title":{"rendered":"INFORMACI\u00d3 PREINSCRIPCI\u00d3 I MATR\u00cdCULA"},"content":{"rendered":"<h3><b><a href=\"https:\/\/agora.xtec.cat\/escsantiagorates\/wp-content\/uploads\/usu1786\/2024\/06\/JORNADA-PORTES-OBERTES.jpg\"><img loading=\"lazy\" decoding=\"async\" class=\"size-medium wp-image-5072 alignleft\" src=\"https:\/\/agora.xtec.cat\/escsantiagorates\/wp-content\/uploads\/usu1786\/2024\/06\/JORNADA-PORTES-OBERTES-212x300.jpg\" alt=\"\" width=\"212\" height=\"300\" srcset=\"https:\/\/agora.xtec.cat\/escsantiagorates\/wp-content\/uploads\/usu1786\/2024\/06\/JORNADA-PORTES-OBERTES-212x300.jpg 212w, https:\/\/agora.xtec.cat\/escsantiagorates\/wp-content\/uploads\/usu1786\/2024\/06\/JORNADA-PORTES-OBERTES-724x1024.jpg 724w, https:\/\/agora.xtec.cat\/escsantiagorates\/wp-content\/uploads\/usu1786\/2024\/06\/JORNADA-PORTES-OBERTES-768x1086.jpg 768w, https:\/\/agora.xtec.cat\/escsantiagorates\/wp-content\/uploads\/usu1786\/2024\/06\/JORNADA-PORTES-OBERTES-1086x1536.jpg 1086w, https:\/\/agora.xtec.cat\/escsantiagorates\/wp-content\/uploads\/usu1786\/2024\/06\/JORNADA-PORTES-OBERTES.jpg 1414w\" sizes=\"auto, (max-width: 212px) 100vw, 212px\" \/><\/a>CALENDARI PREINSCRIPCI\u00d3 2026-2027<\/b><\/h3>\n<ul style=\"list-style-type: disc;\">\n<li><span style=\"font-weight: 400;\"><strong>Presentaci\u00f3 de sol\u00b7licituds:<\/strong> del 4 al 18 de mar\u00e7 de 2026<\/span><\/li>\n<li><span style=\"font-weight: 400;\"><strong>Presentaci\u00f3 de documentaci\u00f3<\/strong>: fins al 19 de mar\u00e7 de 2026<\/span><\/li>\n<li><span style=\"font-weight: 400;\"><strong>Publicaci\u00f3 de les llistes amb el barem provisional<\/strong>: 15 d&#8217;abril de 2026<\/span><\/li>\n<li><span style=\"font-weight: 400;\"><strong>Presentaci\u00f3 de reclamacions<\/strong>: del 15 al 20 d&#8217;abril de 2026<\/span><\/li>\n<li><span style=\"font-weight: 400;\"><strong>Publicaci\u00f3 de la llista de sol\u00b7licituds amb la puntuaci\u00f3 un cop resoltes les reclamacions<\/strong>: 23 d&#8217;abril de 2026<\/span><\/li>\n<li><span style=\"font-weight: 400;\"><strong>Sorteig per resoldre les sol\u00b7licituds de preinscripci\u00f3 empatades en punts<\/strong>: 28 d&#8217;abril de 2026<\/span><\/li>\n<li><strong>Publicaci\u00f3 de la llista ordenada<\/strong>: 29 d&#8217;abril de 2026<\/li>\n<li><span style=\"font-weight: 400;\"><strong>Publicaci\u00f3 de la llista d\u2019admesos<\/strong>: <\/span>10 de juny de 2026<\/li>\n<li><span style=\"font-weight: 400;\"><strong>Matr\u00edcula<\/strong>: del 22 al 30 de juny de 2026<\/span><\/li>\n<\/ul>\n<p><strong>&#8211;&gt; M\u00c9S INFORMACI\u00d3<\/strong>: <a href=\"https:\/\/preinscripcio.gencat.cat\/ca\/inici\/\">https:\/\/preinscripcio.gencat.cat\/ca\/inici\/index.html<\/a><\/p>\n<p><strong style=\"font-size: 1.4375em;\">PROCEDIMENT<\/strong><\/p>\n<div>\n<p>Les sol\u00b7licituds es presentaran en format telem\u00e0tic i es poden presentar de forma:<\/p>\n<ul>\n<li><strong>Electr\u00f2nica<\/strong>: cal identificaci\u00f3 digital<\/li>\n<li><strong>Suport inform\u00e0tic<\/strong>: sense identificaci\u00f3 digital<\/li>\n<\/ul>\n<p><strong>EN EL CAS QUE ES NECESSITI AJUDA: <\/strong>de dilluns a divendres de 08:30h a 09:30h (durant el per\u00edode de preinscripci\u00f3).<\/p>\n<\/div>\n<h3><\/h3>\n<h3><\/h3>\n<p>&nbsp;<\/p>\n<h3><b>CALENDARI DE MATR\u00cdCULA 2026-2027<\/b><\/h3>\n<ul>\n<li class=\"gmail_default\">El per\u00edode de la matriculaci\u00f3 \u00e9s del <strong>22 al 30 de juny de 2026<\/strong><\/li>\n<li class=\"gmail_default\"><strong>Horari de matr\u00edcula<\/strong>:\n<ul>\n<li class=\"gmail_default\">Dies: a confirmar<\/li>\n<\/ul>\n<\/li>\n<li><strong>Documentaci\u00f3 cal portar<\/strong>:\n<ul>\n<li>1 Fotografia mida carnet de l\u2019alumne\/a, amb el nom i cognoms a darrere<\/li>\n<li>Fotoc\u00f2pia del carnet de vacunacions<\/li>\n<li>Fotoc\u00f2pia de la targeta sanit\u00e0ria individual<\/li>\n<li>Fotoc\u00f2pia DNI\/NIE\/Passaport dels pares\/mares de l\u2019alumne\/a<\/li>\n<li>Fotoc\u00f2pia del Llibre de fam\u00edlia (p\u00e0gines dels pares\/mares de l\u2019alumne\/a) o partida de naixement<\/li>\n<li><a href=\"https:\/\/drive.google.com\/file\/d\/1OShbGdgPuM6bTw0HT5a1IA1sttfvuqaP\/view?usp=sharing\">Full de matr\u00edcula escola<\/a> omplert<\/li>\n<\/ul>\n<\/li>\n<\/ul>\n<p>&nbsp;<\/p>\n<ul>\n<li><strong>Pels alumnes empadronats a Pedret i Marz\u00e0:<\/strong>\n<ul>\n<li>Tramitar la<a href=\"https:\/\/www.altemporda.org\/portal\/cultura-i-ensenyament\/ensenyament\/transport-escolar\"> sol\u00b7licitud de transport escolar<\/a> del Consell Comarcal de l\u2019Alt Empord\u00e0 (a confirmar).<\/li>\n<li>Tramitar la <a href=\"https:\/\/www.altemporda.org\/portal\/cultura-i-ensenyament\/ensenyament\/menjador-escolar\">sol\u00b7licitud de menjador obligatori<\/a> del Consell Comarcal de l\u2019Alt Empord\u00e0 (a confirmar).<\/li>\n<\/ul>\n<\/li>\n<\/ul>\n<p>&nbsp;<\/p>\n<ul>\n<li><strong>Informacions i recomanacions:<\/strong>\n<ul>\n<li>Us animem a fer-vos socis de l\u2019AFA ja que obtindreu un descompte en la compra de llibres i\/o material escolar.<\/li>\n<li>Consultar la p\u00e0gina web del centre \u201cLlibres i material\u201d.<\/li>\n<\/ul>\n<\/li>\n<\/ul>\n<h3><\/h3>\n<h3><\/h3>\n<p>&nbsp;<\/p>\n<p>&nbsp;<\/p>\n<div>\n<p>&nbsp;<\/p>\n<\/div>\n","protected":false},"excerpt":{"rendered":"<p><a href=\"https:\/\/agora.xtec.cat\/escsantiagorates\/wp-content\/uploads\/usu1786\/2024\/06\/JORNADA-PORTES-OBERTES.jpg\"><\/a>CALENDARI PREINSCRIPCI\u00d3 2026-2027<\/p>\n<ul style=\"list-style-type: disc;\">\n<li>Presentaci\u00f3 de sol\u00b7licituds: del 4 al 18 de mar\u00e7 de 2026<\/li>\n<li>Presentaci\u00f3 de documentaci\u00f3: fins al 19 de mar\u00e7 de 2026<\/li>\n<li>Publicaci\u00f3 de les llistes amb el barem provisional: 15 d&#8217;abril de 2026<\/li>\n<li>Presentaci\u00f3 de reclamacions: del 15 al 20 d&#8217;abril de 2026<\/li>\n<li>Publicaci\u00f3&hellip;  <a href=\"https:\/\/agora.xtec.cat\/escsantiagorates\/pre-i-matricula\/informacio-matricula\/\" title=\"Read INFORMACI\u00d3 PREINSCRIPCI\u00d3 I MATR\u00cdCULA\">Llegeix m\u00e9s\u00bb<\/a><br \/>\n","protected":false},"author":1,"featured_media":0,"comment_status":"closed","ping_status":"closed","sticky":false,"template":"","format":"standard","meta":{"_bbp_topic_count":0,"_bbp_reply_count":0,"_bbp_total_topic_count":0,"_bbp_total_reply_count":0,"_bbp_voice_count":0,"_bbp_anonymous_reply_count":0,"_bbp_topic_count_hidden":0,"_bbp_reply_count_hidden":0,"_bbp_forum_subforum_count":0,"footnotes":""},"categories":[156],"tags":[],"class_list":["post-3994","post","type-post","status-publish","format-standard","hentry","category-pre-i-matricula"],"post_mailing_queue_ids":[],"_links":{"self":[{"href":"https:\/\/agora.xtec.cat\/escsantiagorates\/wp-json\/wp\/v2\/posts\/3994","targetHints":{"allow":["GET"]}}],"collection":[{"href":"https:\/\/agora.xtec.cat\/escsantiagorates\/wp-json\/wp\/v2\/posts"}],"about":[{"href":"https:\/\/agora.xtec.cat\/escsantiagorates\/wp-json\/wp\/v2\/types\/post"}],"author":[{"embeddable":true,"href":"https:\/\/agora.xtec.cat\/escsantiagorates\/wp-json\/wp\/v2\/users\/1"}],"replies":[{"embeddable":true,"href":"https:\/\/agora.xtec.cat\/escsantiagorates\/wp-json\/wp\/v2\/comments?post=3994"}],"version-history":[{"count":6,"href":"https:\/\/agora.xtec.cat\/escsantiagorates\/wp-json\/wp\/v2\/posts\/3994\/revisions"}],"predecessor-version":[{"id":5077,"href":"https:\/\/agora.xtec.cat\/escsantiagorates\/wp-json\/wp\/v2\/posts\/3994\/revisions\/5077"}],"wp:attachment":[{"href":"https:\/\/agora.xtec.cat\/escsantiagorates\/wp-json\/wp\/v2\/media?parent=3994"}],"wp:term":[{"taxonomy":"category","embeddable":true,"href":"https:\/\/agora.xtec.cat\/escsantiagorates\/wp-json\/wp\/v2\/categories?post=3994"},{"taxonomy":"post_tag","embeddable":true,"href":"https:\/\/agora.xtec.cat\/escsantiagorates\/wp-json\/wp\/v2\/tags?post=3994"}],"curies":[{"name":"wp","href":"https:\/\/api.w.org\/{rel}","templated":true}]}}