{"id":3963,"date":"2024-05-20T13:39:31","date_gmt":"2024-05-20T11:39:31","guid":{"rendered":"https:\/\/agora.xtec.cat\/escsantiagorates\/?p=3963"},"modified":"2024-05-20T13:40:00","modified_gmt":"2024-05-20T11:40:00","slug":"cantania-el-naufragi-2","status":"publish","type":"post","link":"https:\/\/agora.xtec.cat\/escsantiagorates\/5e\/cantania-el-naufragi-2\/","title":{"rendered":"Cant\u00e0nia &#8220;El naufragi&#8221;"},"content":{"rendered":"<p>Benvolgudes fam\u00edlies,<\/p>\n<p>Aquest dissabte passat, dia 18 de maig, vam realitzar el concert de Cant\u00e0nia &#8220;El naufragi&#8221; al Teatre Jard\u00ed de Figueres. Va ser una gran experi\u00e8ncia que vam viure amb molt d&#8217;entusiasme i emoci\u00f3. Vam tenir la sort de que el mateix compositor, Marc Tim\u00f3n, toqu\u00e9s el piano i que, l&#8217;autor Jair Dom\u00f3nguez, assist\u00eds a l&#8217;espectacle.<\/p>\n<p>Si voleu veure un recull de fotografies i v\u00eddeos, cliqueu sobre la imatge<\/p>\n<p><a href=\"https:\/\/drive.google.com\/drive\/folders\/1CkHkU70VL1ujfhF7Ca4WCfOsszdney7x?usp=sharing\"><img loading=\"lazy\" decoding=\"async\" class=\"aligncenter wp-image-3964 size-large\" src=\"https:\/\/agora.xtec.cat\/escsantiagorates\/wp-content\/uploads\/usu1786\/2024\/05\/1716109865466-1024x768.jpg\" alt=\"\" width=\"1024\" height=\"768\" srcset=\"https:\/\/agora.xtec.cat\/escsantiagorates\/wp-content\/uploads\/usu1786\/2024\/05\/1716109865466-1024x768.jpg 1024w, https:\/\/agora.xtec.cat\/escsantiagorates\/wp-content\/uploads\/usu1786\/2024\/05\/1716109865466-300x225.jpg 300w, https:\/\/agora.xtec.cat\/escsantiagorates\/wp-content\/uploads\/usu1786\/2024\/05\/1716109865466-768x576.jpg 768w, https:\/\/agora.xtec.cat\/escsantiagorates\/wp-content\/uploads\/usu1786\/2024\/05\/1716109865466-1536x1152.jpg 1536w, https:\/\/agora.xtec.cat\/escsantiagorates\/wp-content\/uploads\/usu1786\/2024\/05\/1716109865466-200x150.jpg 200w, https:\/\/agora.xtec.cat\/escsantiagorates\/wp-content\/uploads\/usu1786\/2024\/05\/1716109865466.jpg 1600w\" sizes=\"auto, (max-width: 1024px) 100vw, 1024px\" \/><\/a><\/p>\n","protected":false},"excerpt":{"rendered":"<p>Benvolgudes fam\u00edlies,<br \/>\nAquest dissabte passat, dia 18 de maig, vam realitzar el concert de Cant\u00e0nia &#8220;El naufragi&#8221; al Teatre Jard\u00ed de Figueres. Va ser una gran experi\u00e8ncia que vam viure amb molt d&#8217;entusiasme i emoci\u00f3. Vam tenir la sort de que el mateix compositor, Marc Tim\u00f3n,&hellip;  <a href=\"https:\/\/agora.xtec.cat\/escsantiagorates\/5e\/cantania-el-naufragi-2\/\" title=\"Read Cant\u00e0nia &#8220;El naufragi&#8221;\">Llegeix m\u00e9s\u00bb<\/a><\/p>\n","protected":false},"author":1,"featured_media":3964,"comment_status":"closed","ping_status":"closed","sticky":false,"template":"","format":"standard","meta":{"_bbp_topic_count":0,"_bbp_reply_count":0,"_bbp_total_topic_count":0,"_bbp_total_reply_count":0,"_bbp_voice_count":0,"_bbp_anonymous_reply_count":0,"_bbp_topic_count_hidden":0,"_bbp_reply_count_hidden":0,"_bbp_forum_subforum_count":0,"footnotes":""},"categories":[60],"tags":[],"class_list":["post-3963","post","type-post","status-publish","format-standard","has-post-thumbnail","hentry","category-5e"],"post_mailing_queue_ids":[],"_links":{"self":[{"href":"https:\/\/agora.xtec.cat\/escsantiagorates\/wp-json\/wp\/v2\/posts\/3963","targetHints":{"allow":["GET"]}}],"collection":[{"href":"https:\/\/agora.xtec.cat\/escsantiagorates\/wp-json\/wp\/v2\/posts"}],"about":[{"href":"https:\/\/agora.xtec.cat\/escsantiagorates\/wp-json\/wp\/v2\/types\/post"}],"author":[{"embeddable":true,"href":"https:\/\/agora.xtec.cat\/escsantiagorates\/wp-json\/wp\/v2\/users\/1"}],"replies":[{"embeddable":true,"href":"https:\/\/agora.xtec.cat\/escsantiagorates\/wp-json\/wp\/v2\/comments?post=3963"}],"version-history":[{"count":2,"href":"https:\/\/agora.xtec.cat\/escsantiagorates\/wp-json\/wp\/v2\/posts\/3963\/revisions"}],"predecessor-version":[{"id":3966,"href":"https:\/\/agora.xtec.cat\/escsantiagorates\/wp-json\/wp\/v2\/posts\/3963\/revisions\/3966"}],"wp:featuredmedia":[{"embeddable":true,"href":"https:\/\/agora.xtec.cat\/escsantiagorates\/wp-json\/wp\/v2\/media\/3964"}],"wp:attachment":[{"href":"https:\/\/agora.xtec.cat\/escsantiagorates\/wp-json\/wp\/v2\/media?parent=3963"}],"wp:term":[{"taxonomy":"category","embeddable":true,"href":"https:\/\/agora.xtec.cat\/escsantiagorates\/wp-json\/wp\/v2\/categories?post=3963"},{"taxonomy":"post_tag","embeddable":true,"href":"https:\/\/agora.xtec.cat\/escsantiagorates\/wp-json\/wp\/v2\/tags?post=3963"}],"curies":[{"name":"wp","href":"https:\/\/api.w.org\/{rel}","templated":true}]}}