{"id":3642,"date":"2024-01-11T13:00:30","date_gmt":"2024-01-11T12:00:30","guid":{"rendered":"https:\/\/agora.xtec.cat\/escsantiagorates\/?p=3642"},"modified":"2024-01-11T13:07:36","modified_gmt":"2024-01-11T12:07:36","slug":"ambients-infantil","status":"publish","type":"post","link":"https:\/\/agora.xtec.cat\/escsantiagorates\/verd\/ambients-infantil\/","title":{"rendered":"AMBIENTS INFANTIL"},"content":{"rendered":"<p>Durant el primer trimestre, l&#8217;alumnat d&#8217;educaci\u00f3 infantil ha realitzat algunes sessions d&#8217;ambients: art\u00edstic, de construccions i musical.<\/p>\n<p>Durant l&#8217;ambient art\u00edstic, els\/les nens\/es han treballat la creativitat i imaginaci\u00f3 a trav\u00e9s de diferents t\u00e8cniques .<\/p>\n<p>A l&#8217;ambient de construccions, els\/les nens\/es han creat diferents figures amb diverses peces de tamany i textures diferents.<\/p>\n<p>A l&#8217;ambient musical, els\/les nens\/es han experimentat amb el cos realitzant postures de ioga i t\u00e8cniques de relaxaci\u00f3.<\/p>\n<p>Per veure la galeria de fotos, cliqueu a la imatge.<\/p>\n<p><a href=\"https:\/\/drive.google.com\/drive\/folders\/1rT1wTacJt7Ilg4hjqYNbjjtpqOHBHTg_?usp=drive_link\"><img loading=\"lazy\" decoding=\"async\" class=\"alignnone size-full wp-image-3643\" src=\"https:\/\/agora.xtec.cat\/escsantiagorates\/wp-content\/uploads\/usu1786\/2024\/01\/IMG_20231107_110329.jpg\" alt=\"\" width=\"384\" height=\"510\" srcset=\"https:\/\/agora.xtec.cat\/escsantiagorates\/wp-content\/uploads\/usu1786\/2024\/01\/IMG_20231107_110329.jpg 384w, https:\/\/agora.xtec.cat\/escsantiagorates\/wp-content\/uploads\/usu1786\/2024\/01\/IMG_20231107_110329-226x300.jpg 226w\" sizes=\"auto, (max-width: 384px) 100vw, 384px\" \/><\/a><\/p>\n","protected":false},"excerpt":{"rendered":"<p>Durant el primer trimestre, l&#8217;alumnat d&#8217;educaci\u00f3 infantil ha realitzat algunes sessions d&#8217;ambients: art\u00edstic, de construccions i musical.<br \/>\nDurant l&#8217;ambient art\u00edstic, els\/les nens\/es han treballat la creativitat i imaginaci\u00f3 a trav\u00e9s de diferents t\u00e8cniques .<br \/>\nA l&#8217;ambient de construccions, els\/les nens\/es han creat diferents figures amb diverses peces&hellip;  <a href=\"https:\/\/agora.xtec.cat\/escsantiagorates\/verd\/ambients-infantil\/\" title=\"Read AMBIENTS INFANTIL\">Llegeix m\u00e9s\u00bb<\/a><\/p>\n","protected":false},"author":51,"featured_media":0,"comment_status":"closed","ping_status":"closed","sticky":false,"template":"","format":"standard","meta":{"_bbp_topic_count":0,"_bbp_reply_count":0,"_bbp_total_topic_count":0,"_bbp_total_reply_count":0,"_bbp_voice_count":0,"_bbp_anonymous_reply_count":0,"_bbp_topic_count_hidden":0,"_bbp_reply_count_hidden":0,"_bbp_forum_subforum_count":0,"footnotes":""},"categories":[79,78],"tags":[],"class_list":["post-3642","post","type-post","status-publish","format-standard","hentry","category-taronja-infantil","category-verd"],"post_mailing_queue_ids":[],"_links":{"self":[{"href":"https:\/\/agora.xtec.cat\/escsantiagorates\/wp-json\/wp\/v2\/posts\/3642","targetHints":{"allow":["GET"]}}],"collection":[{"href":"https:\/\/agora.xtec.cat\/escsantiagorates\/wp-json\/wp\/v2\/posts"}],"about":[{"href":"https:\/\/agora.xtec.cat\/escsantiagorates\/wp-json\/wp\/v2\/types\/post"}],"author":[{"embeddable":true,"href":"https:\/\/agora.xtec.cat\/escsantiagorates\/wp-json\/wp\/v2\/users\/51"}],"replies":[{"embeddable":true,"href":"https:\/\/agora.xtec.cat\/escsantiagorates\/wp-json\/wp\/v2\/comments?post=3642"}],"version-history":[{"count":1,"href":"https:\/\/agora.xtec.cat\/escsantiagorates\/wp-json\/wp\/v2\/posts\/3642\/revisions"}],"predecessor-version":[{"id":3644,"href":"https:\/\/agora.xtec.cat\/escsantiagorates\/wp-json\/wp\/v2\/posts\/3642\/revisions\/3644"}],"wp:attachment":[{"href":"https:\/\/agora.xtec.cat\/escsantiagorates\/wp-json\/wp\/v2\/media?parent=3642"}],"wp:term":[{"taxonomy":"category","embeddable":true,"href":"https:\/\/agora.xtec.cat\/escsantiagorates\/wp-json\/wp\/v2\/categories?post=3642"},{"taxonomy":"post_tag","embeddable":true,"href":"https:\/\/agora.xtec.cat\/escsantiagorates\/wp-json\/wp\/v2\/tags?post=3642"}],"curies":[{"name":"wp","href":"https:\/\/api.w.org\/{rel}","templated":true}]}}