{"id":3627,"date":"2024-01-10T10:00:23","date_gmt":"2024-01-10T09:00:23","guid":{"rendered":"https:\/\/agora.xtec.cat\/escsantiagorates\/?p=3627"},"modified":"2024-01-10T10:01:02","modified_gmt":"2024-01-10T09:01:02","slug":"la-perspectiva","status":"publish","type":"post","link":"https:\/\/agora.xtec.cat\/escsantiagorates\/5e\/la-perspectiva\/","title":{"rendered":"LA PERSPECTIVA"},"content":{"rendered":"<p style=\"text-align: justify\">La pl\u00e0stica, junt amb l&#8217;art, lliga amb tot. Amb l&#8217;alumnat vam fer una activitat sobre perspectiva, utilitzant eines pl\u00e0stiques i matem\u00e0tiques. El que semblava ben simple es va complicar, per\u00f2 treballant pas a pas va sortir genial!<\/p>\n<p style=\"text-align: justify\">Ens han quedat unes obres magn\u00edfiques! Si voleu veure les fotografies feu clic sobre la imatge.<\/p>\n<p><a href=\"https:\/\/drive.google.com\/drive\/folders\/1n8TmnF0TIXTk41BlHzoCFWMZZ0y-e-MG?usp=share_link\"><img loading=\"lazy\" decoding=\"async\" class=\"wp-image-3628 size-large aligncenter\" src=\"https:\/\/agora.xtec.cat\/escsantiagorates\/wp-content\/uploads\/usu1786\/2024\/01\/02800199-8A60-4585-8A3E-C81CEF49DCB0-1024x768.jpg\" alt=\"\" width=\"1024\" height=\"768\" srcset=\"https:\/\/agora.xtec.cat\/escsantiagorates\/wp-content\/uploads\/usu1786\/2024\/01\/02800199-8A60-4585-8A3E-C81CEF49DCB0-1024x768.jpg 1024w, https:\/\/agora.xtec.cat\/escsantiagorates\/wp-content\/uploads\/usu1786\/2024\/01\/02800199-8A60-4585-8A3E-C81CEF49DCB0-300x225.jpg 300w, https:\/\/agora.xtec.cat\/escsantiagorates\/wp-content\/uploads\/usu1786\/2024\/01\/02800199-8A60-4585-8A3E-C81CEF49DCB0-768x576.jpg 768w, https:\/\/agora.xtec.cat\/escsantiagorates\/wp-content\/uploads\/usu1786\/2024\/01\/02800199-8A60-4585-8A3E-C81CEF49DCB0-200x150.jpg 200w, https:\/\/agora.xtec.cat\/escsantiagorates\/wp-content\/uploads\/usu1786\/2024\/01\/02800199-8A60-4585-8A3E-C81CEF49DCB0.jpg 1219w\" sizes=\"auto, (max-width: 1024px) 100vw, 1024px\" \/><\/a><\/p>\n","protected":false},"excerpt":{"rendered":"<p>La pl\u00e0stica, junt amb l&#8217;art, lliga amb tot. Amb l&#8217;alumnat vam fer una activitat sobre perspectiva, utilitzant eines pl\u00e0stiques i matem\u00e0tiques. El que semblava ben simple es va complicar, per\u00f2 treballant pas a pas va sortir genial!<br \/>\nEns han quedat unes obres magn\u00edfiques! Si voleu veure&hellip;  <a href=\"https:\/\/agora.xtec.cat\/escsantiagorates\/5e\/la-perspectiva\/\" title=\"Read LA PERSPECTIVA\">Llegeix m\u00e9s\u00bb<\/a><\/p>\n","protected":false},"author":53,"featured_media":3628,"comment_status":"open","ping_status":"closed","sticky":false,"template":"","format":"standard","meta":{"_bbp_topic_count":0,"_bbp_reply_count":0,"_bbp_total_topic_count":0,"_bbp_total_reply_count":0,"_bbp_voice_count":0,"_bbp_anonymous_reply_count":0,"_bbp_topic_count_hidden":0,"_bbp_reply_count_hidden":0,"_bbp_forum_subforum_count":0,"footnotes":""},"categories":[60],"tags":[],"class_list":["post-3627","post","type-post","status-publish","format-standard","has-post-thumbnail","hentry","category-5e"],"post_mailing_queue_ids":[],"_links":{"self":[{"href":"https:\/\/agora.xtec.cat\/escsantiagorates\/wp-json\/wp\/v2\/posts\/3627","targetHints":{"allow":["GET"]}}],"collection":[{"href":"https:\/\/agora.xtec.cat\/escsantiagorates\/wp-json\/wp\/v2\/posts"}],"about":[{"href":"https:\/\/agora.xtec.cat\/escsantiagorates\/wp-json\/wp\/v2\/types\/post"}],"author":[{"embeddable":true,"href":"https:\/\/agora.xtec.cat\/escsantiagorates\/wp-json\/wp\/v2\/users\/53"}],"replies":[{"embeddable":true,"href":"https:\/\/agora.xtec.cat\/escsantiagorates\/wp-json\/wp\/v2\/comments?post=3627"}],"version-history":[{"count":1,"href":"https:\/\/agora.xtec.cat\/escsantiagorates\/wp-json\/wp\/v2\/posts\/3627\/revisions"}],"predecessor-version":[{"id":3629,"href":"https:\/\/agora.xtec.cat\/escsantiagorates\/wp-json\/wp\/v2\/posts\/3627\/revisions\/3629"}],"wp:featuredmedia":[{"embeddable":true,"href":"https:\/\/agora.xtec.cat\/escsantiagorates\/wp-json\/wp\/v2\/media\/3628"}],"wp:attachment":[{"href":"https:\/\/agora.xtec.cat\/escsantiagorates\/wp-json\/wp\/v2\/media?parent=3627"}],"wp:term":[{"taxonomy":"category","embeddable":true,"href":"https:\/\/agora.xtec.cat\/escsantiagorates\/wp-json\/wp\/v2\/categories?post=3627"},{"taxonomy":"post_tag","embeddable":true,"href":"https:\/\/agora.xtec.cat\/escsantiagorates\/wp-json\/wp\/v2\/tags?post=3627"}],"curies":[{"name":"wp","href":"https:\/\/api.w.org\/{rel}","templated":true}]}}