{"id":3398,"date":"2023-05-23T09:18:22","date_gmt":"2023-05-23T07:18:22","guid":{"rendered":"https:\/\/agora.xtec.cat\/escsantiagorates\/?p=3398"},"modified":"2024-01-11T11:27:54","modified_gmt":"2024-01-11T10:27:54","slug":"cantania-les-portes-del-mon-2","status":"publish","type":"post","link":"https:\/\/agora.xtec.cat\/escsantiagorates\/5e\/cantania-les-portes-del-mon-2\/","title":{"rendered":"Cant\u00e0nia 2023 &#8220;Les portes del m\u00f3n&#8221;"},"content":{"rendered":"<p>Aquest dissabte passat, <strong>20 de maig<\/strong>, els alumnes de 5\u00e8 van participar en el concert de Cant\u00e0nia &#8220;Les portes del m\u00f3n&#8221; al Teatre Jard\u00ed de Figueres. Van fer una gran actuaci\u00f3 i s&#8217;ho van passar molt b\u00e9! \ud83d\ude42<\/p>\n<h4>Per a veure un recull de fotografies, cliqueu a sobre la imatge.<\/h4>\n<p><a href=\"https:\/\/drive.google.com\/drive\/folders\/1yyWT0zsjrs1Gxd2AUs_WgfOIjxueoqbh?usp=share_link\"><img loading=\"lazy\" decoding=\"async\" class=\"aligncenter wp-image-3402 size-large\" src=\"https:\/\/agora.xtec.cat\/escsantiagorates\/wp-content\/uploads\/usu1786\/2023\/05\/Escenari-e1684827166225-1024x526.jpg\" alt=\"\" width=\"1024\" height=\"526\" srcset=\"https:\/\/agora.xtec.cat\/escsantiagorates\/wp-content\/uploads\/usu1786\/2023\/05\/Escenari-e1684827166225-1024x526.jpg 1024w, https:\/\/agora.xtec.cat\/escsantiagorates\/wp-content\/uploads\/usu1786\/2023\/05\/Escenari-e1684827166225-300x154.jpg 300w, https:\/\/agora.xtec.cat\/escsantiagorates\/wp-content\/uploads\/usu1786\/2023\/05\/Escenari-e1684827166225-768x395.jpg 768w, https:\/\/agora.xtec.cat\/escsantiagorates\/wp-content\/uploads\/usu1786\/2023\/05\/Escenari-e1684827166225.jpg 1430w\" sizes=\"auto, (max-width: 1024px) 100vw, 1024px\" \/><\/a><\/p>\n","protected":false},"excerpt":{"rendered":"<p>Aquest dissabte passat, 20 de maig, els alumnes de 5\u00e8 van participar en el concert de Cant\u00e0nia &#8220;Les portes del m\u00f3n&#8221; al Teatre Jard\u00ed de Figueres. Van fer una gran actuaci\u00f3 i s&#8217;ho van passar molt b\u00e9! \ud83d\ude42<br \/>\nPer a veure un recull de fotografies, cliqueu&hellip;  <a href=\"https:\/\/agora.xtec.cat\/escsantiagorates\/5e\/cantania-les-portes-del-mon-2\/\" title=\"Read Cant\u00e0nia 2023 &#8220;Les portes del m\u00f3n&#8221;\">Llegeix m\u00e9s\u00bb<\/a><\/p>\n","protected":false},"author":1,"featured_media":0,"comment_status":"closed","ping_status":"closed","sticky":false,"template":"","format":"standard","meta":{"_bbp_topic_count":0,"_bbp_reply_count":0,"_bbp_total_topic_count":0,"_bbp_total_reply_count":0,"_bbp_voice_count":0,"_bbp_anonymous_reply_count":0,"_bbp_topic_count_hidden":0,"_bbp_reply_count_hidden":0,"_bbp_forum_subforum_count":0,"footnotes":""},"categories":[60,99],"tags":[],"class_list":["post-3398","post","type-post","status-publish","format-standard","hentry","category-5e","category-cantania"],"post_mailing_queue_ids":[],"_links":{"self":[{"href":"https:\/\/agora.xtec.cat\/escsantiagorates\/wp-json\/wp\/v2\/posts\/3398","targetHints":{"allow":["GET"]}}],"collection":[{"href":"https:\/\/agora.xtec.cat\/escsantiagorates\/wp-json\/wp\/v2\/posts"}],"about":[{"href":"https:\/\/agora.xtec.cat\/escsantiagorates\/wp-json\/wp\/v2\/types\/post"}],"author":[{"embeddable":true,"href":"https:\/\/agora.xtec.cat\/escsantiagorates\/wp-json\/wp\/v2\/users\/1"}],"replies":[{"embeddable":true,"href":"https:\/\/agora.xtec.cat\/escsantiagorates\/wp-json\/wp\/v2\/comments?post=3398"}],"version-history":[{"count":4,"href":"https:\/\/agora.xtec.cat\/escsantiagorates\/wp-json\/wp\/v2\/posts\/3398\/revisions"}],"predecessor-version":[{"id":3637,"href":"https:\/\/agora.xtec.cat\/escsantiagorates\/wp-json\/wp\/v2\/posts\/3398\/revisions\/3637"}],"wp:attachment":[{"href":"https:\/\/agora.xtec.cat\/escsantiagorates\/wp-json\/wp\/v2\/media?parent=3398"}],"wp:term":[{"taxonomy":"category","embeddable":true,"href":"https:\/\/agora.xtec.cat\/escsantiagorates\/wp-json\/wp\/v2\/categories?post=3398"},{"taxonomy":"post_tag","embeddable":true,"href":"https:\/\/agora.xtec.cat\/escsantiagorates\/wp-json\/wp\/v2\/tags?post=3398"}],"curies":[{"name":"wp","href":"https:\/\/api.w.org\/{rel}","templated":true}]}}