{"id":3390,"date":"2023-05-17T18:54:58","date_gmt":"2023-05-17T16:54:58","guid":{"rendered":"https:\/\/agora.xtec.cat\/escsantiagorates\/?p=3390"},"modified":"2023-05-17T18:54:58","modified_gmt":"2023-05-17T16:54:58","slug":"bufa-la-tramuntana-2","status":"publish","type":"post","link":"https:\/\/agora.xtec.cat\/escsantiagorates\/segon\/bufa-la-tramuntana-2\/","title":{"rendered":"Bufa la Tramuntana!"},"content":{"rendered":"<p>Fa uns dies, l&#8217;Associaci\u00f3 La Sorellona ens va acompanyar al parc del costat de la riera per con\u00e8ixer m\u00e9s sobre aquest vent \ud83d\uddfa\ufe0f\u200aparticular que bufa a la nostra comarca, la Tramuntana!\ud83c\udf2a\ufe0f<\/p>\n<p>Tamb\u00e9 ens van explicar que hi havia m\u00e9s vents, vam aprendre&#8217;n caracter\u00edstiques i situar-nos amb una br\u00faixola\ud83e\udded\u200a! Tot el mat\u00ed de jocs i din\u00e0miques!<\/p>\n<p>Podeu veure&#8217;n algunes imatges fent clic <a href=\"https:\/\/drive.google.com\/drive\/folders\/1-ngtr6yHwGnOlPQz-nsJ9UX9qACDjqb9?usp=sharing\">AQU\u00cd<\/a>\ud83d\udc48\ud83c\udffd<\/p>\n<p><a href=\"https:\/\/agora.xtec.cat\/escsantiagorates\/wp-content\/uploads\/usu1786\/2023\/05\/IMG_7469-2.jpg\"><img loading=\"lazy\" decoding=\"async\" class=\" wp-image-3391 aligncenter\" src=\"https:\/\/agora.xtec.cat\/escsantiagorates\/wp-content\/uploads\/usu1786\/2023\/05\/IMG_7469-2-1024x768.jpg\" alt=\"\" width=\"464\" height=\"348\" srcset=\"https:\/\/agora.xtec.cat\/escsantiagorates\/wp-content\/uploads\/usu1786\/2023\/05\/IMG_7469-2-1024x768.jpg 1024w, https:\/\/agora.xtec.cat\/escsantiagorates\/wp-content\/uploads\/usu1786\/2023\/05\/IMG_7469-2-300x225.jpg 300w, https:\/\/agora.xtec.cat\/escsantiagorates\/wp-content\/uploads\/usu1786\/2023\/05\/IMG_7469-2-768x576.jpg 768w, https:\/\/agora.xtec.cat\/escsantiagorates\/wp-content\/uploads\/usu1786\/2023\/05\/IMG_7469-2-1536x1152.jpg 1536w, https:\/\/agora.xtec.cat\/escsantiagorates\/wp-content\/uploads\/usu1786\/2023\/05\/IMG_7469-2-200x150.jpg 200w, https:\/\/agora.xtec.cat\/escsantiagorates\/wp-content\/uploads\/usu1786\/2023\/05\/IMG_7469-2.jpg 2016w\" sizes=\"auto, (max-width: 464px) 100vw, 464px\" \/><\/a><\/p>\n","protected":false},"excerpt":{"rendered":"<p>Fa uns dies, l&#8217;Associaci\u00f3 La Sorellona ens va acompanyar al parc del costat de la riera per con\u00e8ixer m\u00e9s sobre aquest vent \ud83d\uddfa\ufe0f\u200aparticular que bufa a la nostra comarca, la Tramuntana!\ud83c\udf2a\ufe0f<br \/>\nTamb\u00e9 ens van explicar que hi havia m\u00e9s vents, vam aprendre&#8217;n caracter\u00edstiques i situar-nos amb&hellip;  <a href=\"https:\/\/agora.xtec.cat\/escsantiagorates\/segon\/bufa-la-tramuntana-2\/\" title=\"Read Bufa la Tramuntana!\">Llegeix m\u00e9s\u00bb<\/a><\/p>\n","protected":false},"author":1,"featured_media":3391,"comment_status":"open","ping_status":"closed","sticky":false,"template":"","format":"standard","meta":{"_bbp_topic_count":0,"_bbp_reply_count":0,"_bbp_total_topic_count":0,"_bbp_total_reply_count":0,"_bbp_voice_count":0,"_bbp_anonymous_reply_count":0,"_bbp_topic_count_hidden":0,"_bbp_reply_count_hidden":0,"_bbp_forum_subforum_count":0,"footnotes":""},"categories":[62,64,81],"tags":[],"class_list":["post-3390","post","type-post","status-publish","format-standard","has-post-thumbnail","hentry","category-segon","category-primer-segon","category-medi"],"post_mailing_queue_ids":[],"_links":{"self":[{"href":"https:\/\/agora.xtec.cat\/escsantiagorates\/wp-json\/wp\/v2\/posts\/3390","targetHints":{"allow":["GET"]}}],"collection":[{"href":"https:\/\/agora.xtec.cat\/escsantiagorates\/wp-json\/wp\/v2\/posts"}],"about":[{"href":"https:\/\/agora.xtec.cat\/escsantiagorates\/wp-json\/wp\/v2\/types\/post"}],"author":[{"embeddable":true,"href":"https:\/\/agora.xtec.cat\/escsantiagorates\/wp-json\/wp\/v2\/users\/1"}],"replies":[{"embeddable":true,"href":"https:\/\/agora.xtec.cat\/escsantiagorates\/wp-json\/wp\/v2\/comments?post=3390"}],"version-history":[{"count":1,"href":"https:\/\/agora.xtec.cat\/escsantiagorates\/wp-json\/wp\/v2\/posts\/3390\/revisions"}],"predecessor-version":[{"id":3392,"href":"https:\/\/agora.xtec.cat\/escsantiagorates\/wp-json\/wp\/v2\/posts\/3390\/revisions\/3392"}],"wp:featuredmedia":[{"embeddable":true,"href":"https:\/\/agora.xtec.cat\/escsantiagorates\/wp-json\/wp\/v2\/media\/3391"}],"wp:attachment":[{"href":"https:\/\/agora.xtec.cat\/escsantiagorates\/wp-json\/wp\/v2\/media?parent=3390"}],"wp:term":[{"taxonomy":"category","embeddable":true,"href":"https:\/\/agora.xtec.cat\/escsantiagorates\/wp-json\/wp\/v2\/categories?post=3390"},{"taxonomy":"post_tag","embeddable":true,"href":"https:\/\/agora.xtec.cat\/escsantiagorates\/wp-json\/wp\/v2\/tags?post=3390"}],"curies":[{"name":"wp","href":"https:\/\/api.w.org\/{rel}","templated":true}]}}