{"id":3382,"date":"2023-05-12T13:01:05","date_gmt":"2023-05-12T11:01:05","guid":{"rendered":"https:\/\/agora.xtec.cat\/escsantiagorates\/?p=3382"},"modified":"2023-05-12T13:01:32","modified_gmt":"2023-05-12T11:01:32","slug":"cantania-les-portes-del-mon","status":"publish","type":"post","link":"https:\/\/agora.xtec.cat\/escsantiagorates\/portada\/cantania-les-portes-del-mon\/","title":{"rendered":"Cant\u00e0nia &#8220;Les portes del m\u00f3n&#8221;"},"content":{"rendered":"<p>Benvolgudes fam\u00edlies,<\/p>\n<p>El proper <strong>dissabte, 20 de maig a les 20:30h al Teatre Jard\u00ed de Figueres,<\/strong> els alumnes de cinqu\u00e8 de l&#8217;escola participaran en el concert de Cant\u00e0nia &#8220;Les portes del m\u00f3n&#8221;. Si els voleu venir a veure, podeu adquirir les entrades a guixeta (abans del concert) o a trav\u00e9s de la p\u00e0gina web <a href=\"https:\/\/figueresaescena.koobin.com\/index.php?action=PU_evento&amp;Ev_id=1293&amp;idioma=CA\">https:\/\/figueresaescena.koobin.com\/index.php?action=PU_evento&amp;Ev_id=1293&amp;idioma=CA<\/a> a un preu de 6\u20ac.<a href=\"https:\/\/agora.xtec.cat\/escsantiagorates\/wp-content\/uploads\/usu1786\/2023\/05\/CANTANIA-23-dsbte-nit.jpg\"><img loading=\"lazy\" decoding=\"async\" class=\"aligncenter wp-image-3385 size-large\" src=\"https:\/\/agora.xtec.cat\/escsantiagorates\/wp-content\/uploads\/usu1786\/2023\/05\/CANTANIA-23-dsbte-nit-724x1024.jpg\" alt=\"\" width=\"724\" height=\"1024\" srcset=\"https:\/\/agora.xtec.cat\/escsantiagorates\/wp-content\/uploads\/usu1786\/2023\/05\/CANTANIA-23-dsbte-nit-724x1024.jpg 724w, https:\/\/agora.xtec.cat\/escsantiagorates\/wp-content\/uploads\/usu1786\/2023\/05\/CANTANIA-23-dsbte-nit-212x300.jpg 212w, https:\/\/agora.xtec.cat\/escsantiagorates\/wp-content\/uploads\/usu1786\/2023\/05\/CANTANIA-23-dsbte-nit-768x1086.jpg 768w, https:\/\/agora.xtec.cat\/escsantiagorates\/wp-content\/uploads\/usu1786\/2023\/05\/CANTANIA-23-dsbte-nit-1086x1536.jpg 1086w, https:\/\/agora.xtec.cat\/escsantiagorates\/wp-content\/uploads\/usu1786\/2023\/05\/CANTANIA-23-dsbte-nit-1448x2048.jpg 1448w, https:\/\/agora.xtec.cat\/escsantiagorates\/wp-content\/uploads\/usu1786\/2023\/05\/CANTANIA-23-dsbte-nit.jpg 1587w\" sizes=\"auto, (max-width: 724px) 100vw, 724px\" \/><\/a><\/p>\n","protected":false},"excerpt":{"rendered":"<p>Benvolgudes fam\u00edlies,<br \/>\nEl proper dissabte, 20 de maig a les 20:30h al Teatre Jard\u00ed de Figueres, els alumnes de cinqu\u00e8 de l&#8217;escola participaran en el concert de Cant\u00e0nia &#8220;Les portes del m\u00f3n&#8221;. Si els voleu venir a veure, podeu adquirir les entrades a guixeta (abans del&hellip;  <a href=\"https:\/\/agora.xtec.cat\/escsantiagorates\/portada\/cantania-les-portes-del-mon\/\" title=\"Read Cant\u00e0nia &#8220;Les portes del m\u00f3n&#8221;\">Llegeix m\u00e9s\u00bb<\/a><\/p>\n","protected":false},"author":1,"featured_media":3385,"comment_status":"closed","ping_status":"closed","sticky":false,"template":"","format":"standard","meta":{"_bbp_topic_count":0,"_bbp_reply_count":0,"_bbp_total_topic_count":0,"_bbp_total_reply_count":0,"_bbp_voice_count":0,"_bbp_anonymous_reply_count":0,"_bbp_topic_count_hidden":0,"_bbp_reply_count_hidden":0,"_bbp_forum_subforum_count":0,"footnotes":""},"categories":[60,99,4],"tags":[],"class_list":["post-3382","post","type-post","status-publish","format-standard","has-post-thumbnail","hentry","category-5e","category-cantania","category-portada"],"post_mailing_queue_ids":[],"_links":{"self":[{"href":"https:\/\/agora.xtec.cat\/escsantiagorates\/wp-json\/wp\/v2\/posts\/3382","targetHints":{"allow":["GET"]}}],"collection":[{"href":"https:\/\/agora.xtec.cat\/escsantiagorates\/wp-json\/wp\/v2\/posts"}],"about":[{"href":"https:\/\/agora.xtec.cat\/escsantiagorates\/wp-json\/wp\/v2\/types\/post"}],"author":[{"embeddable":true,"href":"https:\/\/agora.xtec.cat\/escsantiagorates\/wp-json\/wp\/v2\/users\/1"}],"replies":[{"embeddable":true,"href":"https:\/\/agora.xtec.cat\/escsantiagorates\/wp-json\/wp\/v2\/comments?post=3382"}],"version-history":[{"count":3,"href":"https:\/\/agora.xtec.cat\/escsantiagorates\/wp-json\/wp\/v2\/posts\/3382\/revisions"}],"predecessor-version":[{"id":3389,"href":"https:\/\/agora.xtec.cat\/escsantiagorates\/wp-json\/wp\/v2\/posts\/3382\/revisions\/3389"}],"wp:featuredmedia":[{"embeddable":true,"href":"https:\/\/agora.xtec.cat\/escsantiagorates\/wp-json\/wp\/v2\/media\/3385"}],"wp:attachment":[{"href":"https:\/\/agora.xtec.cat\/escsantiagorates\/wp-json\/wp\/v2\/media?parent=3382"}],"wp:term":[{"taxonomy":"category","embeddable":true,"href":"https:\/\/agora.xtec.cat\/escsantiagorates\/wp-json\/wp\/v2\/categories?post=3382"},{"taxonomy":"post_tag","embeddable":true,"href":"https:\/\/agora.xtec.cat\/escsantiagorates\/wp-json\/wp\/v2\/tags?post=3382"}],"curies":[{"name":"wp","href":"https:\/\/api.w.org\/{rel}","templated":true}]}}