{"id":2980,"date":"2022-06-16T14:04:00","date_gmt":"2022-06-16T12:04:00","guid":{"rendered":"https:\/\/agora.xtec.cat\/escsantiagorates\/?p=2980"},"modified":"2022-06-16T14:04:00","modified_gmt":"2022-06-16T12:04:00","slug":"el-gripau-blau-i-el-princep-encantat","status":"publish","type":"post","link":"https:\/\/agora.xtec.cat\/escsantiagorates\/5e\/el-gripau-blau-i-el-princep-encantat\/","title":{"rendered":"El gripau blau i el pr\u00edncep encantat"},"content":{"rendered":"<p>Aquest tercer trimestre hem estat treballant el conte desexplicat que porta com a t\u00edtol <em><strong>El gripau blau i el pr\u00edncep encantat<\/strong><\/em>. Els nens i les nenes de cinqu\u00e8 i sis\u00e8 han fet una dramatitzaci\u00f3 de la seva versi\u00f3 del conte. Si feu clic a la paraula <a href=\"https:\/\/drive.google.com\/drive\/folders\/14XF4BuQidmm_DEmaqr5swZx1Ykkxo26Z?usp=sharing\">v\u00eddeo<\/a> podreu veure les seves dramatitzacions.<\/p>\n","protected":false},"excerpt":{"rendered":"<p>Aquest tercer trimestre hem estat treballant el conte desexplicat que porta com a t\u00edtol El gripau blau i el pr\u00edncep encantat. Els nens i les nenes de cinqu\u00e8 i sis\u00e8 han fet una dramatitzaci\u00f3 de la seva versi\u00f3 del conte. Si feu clic a la&hellip;  <a href=\"https:\/\/agora.xtec.cat\/escsantiagorates\/5e\/el-gripau-blau-i-el-princep-encantat\/\" title=\"Read El gripau blau i el pr\u00edncep encantat\">Llegeix m\u00e9s\u00bb<\/a><\/p>\n","protected":false},"author":1,"featured_media":0,"comment_status":"closed","ping_status":"closed","sticky":false,"template":"","format":"standard","meta":{"_bbp_topic_count":0,"_bbp_reply_count":0,"_bbp_total_topic_count":0,"_bbp_total_reply_count":0,"_bbp_voice_count":0,"_bbp_anonymous_reply_count":0,"_bbp_topic_count_hidden":0,"_bbp_reply_count_hidden":0,"_bbp_forum_subforum_count":0,"footnotes":""},"categories":[60,61],"tags":[],"class_list":["post-2980","post","type-post","status-publish","format-standard","hentry","category-5e","category-6e"],"post_mailing_queue_ids":[],"_links":{"self":[{"href":"https:\/\/agora.xtec.cat\/escsantiagorates\/wp-json\/wp\/v2\/posts\/2980","targetHints":{"allow":["GET"]}}],"collection":[{"href":"https:\/\/agora.xtec.cat\/escsantiagorates\/wp-json\/wp\/v2\/posts"}],"about":[{"href":"https:\/\/agora.xtec.cat\/escsantiagorates\/wp-json\/wp\/v2\/types\/post"}],"author":[{"embeddable":true,"href":"https:\/\/agora.xtec.cat\/escsantiagorates\/wp-json\/wp\/v2\/users\/1"}],"replies":[{"embeddable":true,"href":"https:\/\/agora.xtec.cat\/escsantiagorates\/wp-json\/wp\/v2\/comments?post=2980"}],"version-history":[{"count":1,"href":"https:\/\/agora.xtec.cat\/escsantiagorates\/wp-json\/wp\/v2\/posts\/2980\/revisions"}],"predecessor-version":[{"id":2981,"href":"https:\/\/agora.xtec.cat\/escsantiagorates\/wp-json\/wp\/v2\/posts\/2980\/revisions\/2981"}],"wp:attachment":[{"href":"https:\/\/agora.xtec.cat\/escsantiagorates\/wp-json\/wp\/v2\/media?parent=2980"}],"wp:term":[{"taxonomy":"category","embeddable":true,"href":"https:\/\/agora.xtec.cat\/escsantiagorates\/wp-json\/wp\/v2\/categories?post=2980"},{"taxonomy":"post_tag","embeddable":true,"href":"https:\/\/agora.xtec.cat\/escsantiagorates\/wp-json\/wp\/v2\/tags?post=2980"}],"curies":[{"name":"wp","href":"https:\/\/api.w.org\/{rel}","templated":true}]}}