{"id":2750,"date":"2022-03-08T15:37:06","date_gmt":"2022-03-08T14:37:06","guid":{"rendered":"https:\/\/agora.xtec.cat\/escsantiagorates\/?p=2750"},"modified":"2022-06-02T19:35:44","modified_gmt":"2022-06-02T17:35:44","slug":"correcull","status":"publish","type":"post","link":"https:\/\/agora.xtec.cat\/escsantiagorates\/6e\/correcull\/","title":{"rendered":"Correcull"},"content":{"rendered":"<p>Aquest mat\u00ed els nens i les nenes de sis\u00e8 hem anat al castell de Querman\u00e7\u00f3 i hem recollit la brossa que hi havia. Tota l&#8217;escola ha portat a terme aquesta activitat en diferents zones del poble de Vilaju\u00efga. D&#8217;aquesta manera es fomenta el respecte i la bona relaci\u00f3 amb el medi ambient. Hem pogut observar la gran quantitat de deixalles que hi ha pel nostre entorn i hem aconseguit recollir un total de 72,22 kg. de brossa.<\/p>\n<p>Clicant a la seg\u00fcent foto podeu veure la resta de les fotografies:<\/p>\n<p><a href=\"https:\/\/drive.google.com\/drive\/folders\/1rgU_k813rFaDSI1f7bGmTGKQJxRIxDSQ?usp=sharing\"><img loading=\"lazy\" decoding=\"async\" class=\"aligncenter wp-image-2751 size-large\" src=\"https:\/\/agora.xtec.cat\/escsantiagorates\/wp-content\/uploads\/usu1786\/2022\/03\/IMG_1728-1024x768.jpg\" alt=\"\" width=\"1024\" height=\"768\" srcset=\"https:\/\/agora.xtec.cat\/escsantiagorates\/wp-content\/uploads\/usu1786\/2022\/03\/IMG_1728-1024x768.jpg 1024w, https:\/\/agora.xtec.cat\/escsantiagorates\/wp-content\/uploads\/usu1786\/2022\/03\/IMG_1728-300x225.jpg 300w, https:\/\/agora.xtec.cat\/escsantiagorates\/wp-content\/uploads\/usu1786\/2022\/03\/IMG_1728-768x576.jpg 768w, https:\/\/agora.xtec.cat\/escsantiagorates\/wp-content\/uploads\/usu1786\/2022\/03\/IMG_1728-1536x1152.jpg 1536w, https:\/\/agora.xtec.cat\/escsantiagorates\/wp-content\/uploads\/usu1786\/2022\/03\/IMG_1728-200x150.jpg 200w, https:\/\/agora.xtec.cat\/escsantiagorates\/wp-content\/uploads\/usu1786\/2022\/03\/IMG_1728.jpg 2016w\" sizes=\"auto, (max-width: 1024px) 100vw, 1024px\" \/><\/a><\/p>\n","protected":false},"excerpt":{"rendered":"<p>Aquest mat\u00ed els nens i les nenes de sis\u00e8 hem anat al castell de Querman\u00e7\u00f3 i hem recollit la brossa que hi havia. Tota l&#8217;escola ha portat a terme aquesta activitat en diferents zones del poble de Vilaju\u00efga. D&#8217;aquesta manera es fomenta el respecte i&hellip;  <a href=\"https:\/\/agora.xtec.cat\/escsantiagorates\/6e\/correcull\/\" title=\"Read Correcull\">Llegeix m\u00e9s\u00bb<\/a><\/p>\n","protected":false},"author":1,"featured_media":2751,"comment_status":"closed","ping_status":"closed","sticky":false,"template":"","format":"standard","meta":{"_bbp_topic_count":0,"_bbp_reply_count":0,"_bbp_total_topic_count":0,"_bbp_total_reply_count":0,"_bbp_voice_count":0,"_bbp_anonymous_reply_count":0,"_bbp_topic_count_hidden":0,"_bbp_reply_count_hidden":0,"_bbp_forum_subforum_count":0,"footnotes":""},"categories":[61],"tags":[],"class_list":["post-2750","post","type-post","status-publish","format-standard","has-post-thumbnail","hentry","category-6e"],"post_mailing_queue_ids":[],"_links":{"self":[{"href":"https:\/\/agora.xtec.cat\/escsantiagorates\/wp-json\/wp\/v2\/posts\/2750","targetHints":{"allow":["GET"]}}],"collection":[{"href":"https:\/\/agora.xtec.cat\/escsantiagorates\/wp-json\/wp\/v2\/posts"}],"about":[{"href":"https:\/\/agora.xtec.cat\/escsantiagorates\/wp-json\/wp\/v2\/types\/post"}],"author":[{"embeddable":true,"href":"https:\/\/agora.xtec.cat\/escsantiagorates\/wp-json\/wp\/v2\/users\/1"}],"replies":[{"embeddable":true,"href":"https:\/\/agora.xtec.cat\/escsantiagorates\/wp-json\/wp\/v2\/comments?post=2750"}],"version-history":[{"count":2,"href":"https:\/\/agora.xtec.cat\/escsantiagorates\/wp-json\/wp\/v2\/posts\/2750\/revisions"}],"predecessor-version":[{"id":2924,"href":"https:\/\/agora.xtec.cat\/escsantiagorates\/wp-json\/wp\/v2\/posts\/2750\/revisions\/2924"}],"wp:featuredmedia":[{"embeddable":true,"href":"https:\/\/agora.xtec.cat\/escsantiagorates\/wp-json\/wp\/v2\/media\/2751"}],"wp:attachment":[{"href":"https:\/\/agora.xtec.cat\/escsantiagorates\/wp-json\/wp\/v2\/media?parent=2750"}],"wp:term":[{"taxonomy":"category","embeddable":true,"href":"https:\/\/agora.xtec.cat\/escsantiagorates\/wp-json\/wp\/v2\/categories?post=2750"},{"taxonomy":"post_tag","embeddable":true,"href":"https:\/\/agora.xtec.cat\/escsantiagorates\/wp-json\/wp\/v2\/tags?post=2750"}],"curies":[{"name":"wp","href":"https:\/\/api.w.org\/{rel}","templated":true}]}}