{"id":2707,"date":"2022-02-23T12:29:50","date_gmt":"2022-02-23T11:29:50","guid":{"rendered":"https:\/\/agora.xtec.cat\/escsantiagorates\/?p=2707"},"modified":"2022-06-02T19:32:37","modified_gmt":"2022-06-02T17:32:37","slug":"percussio","status":"publish","type":"post","link":"https:\/\/agora.xtec.cat\/escsantiagorates\/5e\/percussio\/","title":{"rendered":"Percussi\u00f3"},"content":{"rendered":"<p style=\"text-align: left\">El dimarts 22 de febrer els nens i les nenes de l&#8217;escola de Vilaju\u00efga van fer un taller de percussi\u00f3. Van comen\u00e7ar fent un escalfament i de seguida van agafar els instruments per crear diferents ritmes. Aquests ritmes es tocaran el dijous a la desfilada del carnaval.<\/p>\n<p>Per veure els v\u00eddeos i les fotografies d&#8217;aquesta activitat, heu de fer un clic a la seg\u00fcent foto:<\/p>\n<p><a href=\"https:\/\/drive.google.com\/drive\/folders\/1STNjMv05Bj9sYBMfhjJ62zeYYBy5iqPv?usp=sharing\"><img loading=\"lazy\" decoding=\"async\" class=\"aligncenter wp-image-2708 size-large\" src=\"https:\/\/agora.xtec.cat\/escsantiagorates\/wp-content\/uploads\/usu1786\/2022\/02\/IMG_1166-1024x768.jpg\" alt=\"\" width=\"1024\" height=\"768\" srcset=\"https:\/\/agora.xtec.cat\/escsantiagorates\/wp-content\/uploads\/usu1786\/2022\/02\/IMG_1166-1024x768.jpg 1024w, https:\/\/agora.xtec.cat\/escsantiagorates\/wp-content\/uploads\/usu1786\/2022\/02\/IMG_1166-300x225.jpg 300w, https:\/\/agora.xtec.cat\/escsantiagorates\/wp-content\/uploads\/usu1786\/2022\/02\/IMG_1166-768x576.jpg 768w, https:\/\/agora.xtec.cat\/escsantiagorates\/wp-content\/uploads\/usu1786\/2022\/02\/IMG_1166-1536x1152.jpg 1536w, https:\/\/agora.xtec.cat\/escsantiagorates\/wp-content\/uploads\/usu1786\/2022\/02\/IMG_1166-200x150.jpg 200w, https:\/\/agora.xtec.cat\/escsantiagorates\/wp-content\/uploads\/usu1786\/2022\/02\/IMG_1166.jpg 2016w\" sizes=\"auto, (max-width: 1024px) 100vw, 1024px\" \/><\/a><\/p>\n","protected":false},"excerpt":{"rendered":"<p>El dimarts 22 de febrer els nens i les nenes de l&#8217;escola de Vilaju\u00efga van fer un taller de percussi\u00f3. Van comen\u00e7ar fent un escalfament i de seguida van agafar els instruments per crear diferents ritmes. Aquests ritmes es tocaran el dijous a la desfilada&hellip;  <a href=\"https:\/\/agora.xtec.cat\/escsantiagorates\/5e\/percussio\/\" title=\"Read Percussi\u00f3\">Llegeix m\u00e9s\u00bb<\/a><\/p>\n","protected":false},"author":1,"featured_media":2708,"comment_status":"closed","ping_status":"closed","sticky":false,"template":"","format":"standard","meta":{"_bbp_topic_count":0,"_bbp_reply_count":0,"_bbp_total_topic_count":0,"_bbp_total_reply_count":0,"_bbp_voice_count":0,"_bbp_anonymous_reply_count":0,"_bbp_topic_count_hidden":0,"_bbp_reply_count_hidden":0,"_bbp_forum_subforum_count":0,"footnotes":""},"categories":[60,61],"tags":[],"class_list":["post-2707","post","type-post","status-publish","format-standard","has-post-thumbnail","hentry","category-5e","category-6e"],"post_mailing_queue_ids":[],"_links":{"self":[{"href":"https:\/\/agora.xtec.cat\/escsantiagorates\/wp-json\/wp\/v2\/posts\/2707","targetHints":{"allow":["GET"]}}],"collection":[{"href":"https:\/\/agora.xtec.cat\/escsantiagorates\/wp-json\/wp\/v2\/posts"}],"about":[{"href":"https:\/\/agora.xtec.cat\/escsantiagorates\/wp-json\/wp\/v2\/types\/post"}],"author":[{"embeddable":true,"href":"https:\/\/agora.xtec.cat\/escsantiagorates\/wp-json\/wp\/v2\/users\/1"}],"replies":[{"embeddable":true,"href":"https:\/\/agora.xtec.cat\/escsantiagorates\/wp-json\/wp\/v2\/comments?post=2707"}],"version-history":[{"count":3,"href":"https:\/\/agora.xtec.cat\/escsantiagorates\/wp-json\/wp\/v2\/posts\/2707\/revisions"}],"predecessor-version":[{"id":2921,"href":"https:\/\/agora.xtec.cat\/escsantiagorates\/wp-json\/wp\/v2\/posts\/2707\/revisions\/2921"}],"wp:featuredmedia":[{"embeddable":true,"href":"https:\/\/agora.xtec.cat\/escsantiagorates\/wp-json\/wp\/v2\/media\/2708"}],"wp:attachment":[{"href":"https:\/\/agora.xtec.cat\/escsantiagorates\/wp-json\/wp\/v2\/media?parent=2707"}],"wp:term":[{"taxonomy":"category","embeddable":true,"href":"https:\/\/agora.xtec.cat\/escsantiagorates\/wp-json\/wp\/v2\/categories?post=2707"},{"taxonomy":"post_tag","embeddable":true,"href":"https:\/\/agora.xtec.cat\/escsantiagorates\/wp-json\/wp\/v2\/tags?post=2707"}],"curies":[{"name":"wp","href":"https:\/\/api.w.org\/{rel}","templated":true}]}}