{"id":2702,"date":"2022-02-21T12:33:31","date_gmt":"2022-02-21T11:33:31","guid":{"rendered":"https:\/\/agora.xtec.cat\/escsantiagorates\/?p=2702"},"modified":"2022-06-02T19:31:45","modified_gmt":"2022-06-02T17:31:45","slug":"mobilitat-segura","status":"publish","type":"post","link":"https:\/\/agora.xtec.cat\/escsantiagorates\/5e\/mobilitat-segura\/","title":{"rendered":"Mobilitat segura"},"content":{"rendered":"<blockquote><p>Avui al mat\u00ed, la Policia Local de Roses ens ha vingut a fer una xerrada sobre la mobilitat segura. A trav\u00e9s d&#8217;una activitat hem pogut adonar-nos de la import\u00e0ncia d&#8217;establir unes normes iguals per a tothom, de complir-les i de les seves conseq\u00fc\u00e8ncies si no les portem a terme.<\/p>\n<p>Fent clic a la fotografia podreu veure un recull de les fotos d&#8217;aquesta activitat.<\/p>\n<p><a href=\"https:\/\/drive.google.com\/drive\/folders\/1LaKChrJ3WI8Saq8r3trxEKz6JH6fSSCu?usp=sharing\"><img loading=\"lazy\" decoding=\"async\" class=\"aligncenter wp-image-2701 size-large\" src=\"https:\/\/agora.xtec.cat\/escsantiagorates\/wp-content\/uploads\/usu1786\/2022\/02\/IMG_1060-1-1024x768.jpg\" alt=\"\" width=\"1024\" height=\"768\" srcset=\"https:\/\/agora.xtec.cat\/escsantiagorates\/wp-content\/uploads\/usu1786\/2022\/02\/IMG_1060-1-1024x768.jpg 1024w, https:\/\/agora.xtec.cat\/escsantiagorates\/wp-content\/uploads\/usu1786\/2022\/02\/IMG_1060-1-300x225.jpg 300w, https:\/\/agora.xtec.cat\/escsantiagorates\/wp-content\/uploads\/usu1786\/2022\/02\/IMG_1060-1-768x576.jpg 768w, https:\/\/agora.xtec.cat\/escsantiagorates\/wp-content\/uploads\/usu1786\/2022\/02\/IMG_1060-1-1536x1152.jpg 1536w, https:\/\/agora.xtec.cat\/escsantiagorates\/wp-content\/uploads\/usu1786\/2022\/02\/IMG_1060-1-200x150.jpg 200w, https:\/\/agora.xtec.cat\/escsantiagorates\/wp-content\/uploads\/usu1786\/2022\/02\/IMG_1060-1.jpg 2016w\" sizes=\"auto, (max-width: 1024px) 100vw, 1024px\" \/><\/a><\/p><\/blockquote>\n","protected":false},"excerpt":{"rendered":"<p>Avui al mat\u00ed, la Policia Local de Roses ens ha vingut a fer una xerrada sobre la mobilitat segura. A trav\u00e9s d&#8217;una activitat hem pogut adonar-nos de la import\u00e0ncia d&#8217;establir unes normes iguals per a tothom, de complir-les i de les seves conseq\u00fc\u00e8ncies si no&hellip;  <a href=\"https:\/\/agora.xtec.cat\/escsantiagorates\/5e\/mobilitat-segura\/\" title=\"Read Mobilitat segura\">Llegeix m\u00e9s\u00bb<\/a><\/p>\n","protected":false},"author":1,"featured_media":2701,"comment_status":"closed","ping_status":"closed","sticky":false,"template":"","format":"standard","meta":{"_bbp_topic_count":0,"_bbp_reply_count":0,"_bbp_total_topic_count":0,"_bbp_total_reply_count":0,"_bbp_voice_count":0,"_bbp_anonymous_reply_count":0,"_bbp_topic_count_hidden":0,"_bbp_reply_count_hidden":0,"_bbp_forum_subforum_count":0,"footnotes":""},"categories":[60,61],"tags":[],"class_list":["post-2702","post","type-post","status-publish","format-standard","has-post-thumbnail","hentry","category-5e","category-6e"],"post_mailing_queue_ids":[],"_links":{"self":[{"href":"https:\/\/agora.xtec.cat\/escsantiagorates\/wp-json\/wp\/v2\/posts\/2702","targetHints":{"allow":["GET"]}}],"collection":[{"href":"https:\/\/agora.xtec.cat\/escsantiagorates\/wp-json\/wp\/v2\/posts"}],"about":[{"href":"https:\/\/agora.xtec.cat\/escsantiagorates\/wp-json\/wp\/v2\/types\/post"}],"author":[{"embeddable":true,"href":"https:\/\/agora.xtec.cat\/escsantiagorates\/wp-json\/wp\/v2\/users\/1"}],"replies":[{"embeddable":true,"href":"https:\/\/agora.xtec.cat\/escsantiagorates\/wp-json\/wp\/v2\/comments?post=2702"}],"version-history":[{"count":2,"href":"https:\/\/agora.xtec.cat\/escsantiagorates\/wp-json\/wp\/v2\/posts\/2702\/revisions"}],"predecessor-version":[{"id":2920,"href":"https:\/\/agora.xtec.cat\/escsantiagorates\/wp-json\/wp\/v2\/posts\/2702\/revisions\/2920"}],"wp:featuredmedia":[{"embeddable":true,"href":"https:\/\/agora.xtec.cat\/escsantiagorates\/wp-json\/wp\/v2\/media\/2701"}],"wp:attachment":[{"href":"https:\/\/agora.xtec.cat\/escsantiagorates\/wp-json\/wp\/v2\/media?parent=2702"}],"wp:term":[{"taxonomy":"category","embeddable":true,"href":"https:\/\/agora.xtec.cat\/escsantiagorates\/wp-json\/wp\/v2\/categories?post=2702"},{"taxonomy":"post_tag","embeddable":true,"href":"https:\/\/agora.xtec.cat\/escsantiagorates\/wp-json\/wp\/v2\/tags?post=2702"}],"curies":[{"name":"wp","href":"https:\/\/api.w.org\/{rel}","templated":true}]}}