{"id":2675,"date":"2022-02-01T11:00:30","date_gmt":"2022-02-01T10:00:30","guid":{"rendered":"https:\/\/agora.xtec.cat\/escsantiagorates\/?p=2675"},"modified":"2022-06-02T19:31:04","modified_gmt":"2022-06-02T17:31:04","slug":"km-de-solidaritat-3","status":"publish","type":"post","link":"https:\/\/agora.xtec.cat\/escsantiagorates\/6e\/km-de-solidaritat-3\/","title":{"rendered":"km de solidaritat"},"content":{"rendered":"<p class=\"article-body__text article-body__text--entry article-body__text-middle\">Els nens i les nenes de tota l&#8217;escola ahir vam c\u00f3rrer\u00a0a la\u00a0<strong>divuitena edici\u00f3 de la cursa \u00abKm de Solidaritat\u00bb<\/strong>\u00a0per celebrar el<strong>\u00a0dia escolar de la<\/strong>\u00a0<strong>no-viol\u00e8ncia i la pau<\/strong>. Vam estar tot el mat\u00ed al pavell\u00f3 on primer vam fer un escalfament, despr\u00e9s vam comen\u00e7ar a c\u00f3rrer i finalment vam jugar una estona al camp de futbol. Aquest any, la recaptaci\u00f3 servir\u00e0 per la superviv\u00e8ncia i la lluita contra la malnutrici\u00f3 dels infants de la banya d\u2019\u00c0frica.<\/p>\n<p>Si feu clic a la foto podreu veure les fotografies d&#8217;aquest dia.<\/p>\n<div class=\"article-body--seo-closed\">\n<p class=\"article-body__text \"><a href=\"https:\/\/drive.google.com\/drive\/folders\/1KRc5YRekiyyr2FYQ8Lumd-HE4Cgc3WAt?usp=sharing\"><img loading=\"lazy\" decoding=\"async\" class=\"aligncenter wp-image-2676 size-full\" src=\"https:\/\/agora.xtec.cat\/escsantiagorates\/wp-content\/uploads\/usu1786\/2022\/02\/IMG_0586.jpg\" alt=\"\" width=\"656\" height=\"356\" srcset=\"https:\/\/agora.xtec.cat\/escsantiagorates\/wp-content\/uploads\/usu1786\/2022\/02\/IMG_0586.jpg 656w, https:\/\/agora.xtec.cat\/escsantiagorates\/wp-content\/uploads\/usu1786\/2022\/02\/IMG_0586-300x163.jpg 300w\" sizes=\"auto, (max-width: 656px) 100vw, 656px\" \/><\/a><\/p>\n<\/div>\n","protected":false},"excerpt":{"rendered":"<p>Els nens i les nenes de tota l&#8217;escola ahir vam c\u00f3rrer\u00a0a la\u00a0divuitena edici\u00f3 de la cursa \u00abKm de Solidaritat\u00bb\u00a0per celebrar el\u00a0dia escolar de la\u00a0no-viol\u00e8ncia i la pau. Vam estar tot el mat\u00ed al pavell\u00f3 on primer vam fer un escalfament, despr\u00e9s vam comen\u00e7ar a c\u00f3rrer&hellip;  <a href=\"https:\/\/agora.xtec.cat\/escsantiagorates\/6e\/km-de-solidaritat-3\/\" title=\"Read km de solidaritat\">Llegeix m\u00e9s\u00bb<\/a><\/p>\n","protected":false},"author":1,"featured_media":2676,"comment_status":"closed","ping_status":"closed","sticky":false,"template":"","format":"standard","meta":{"_bbp_topic_count":0,"_bbp_reply_count":0,"_bbp_total_topic_count":0,"_bbp_total_reply_count":0,"_bbp_voice_count":0,"_bbp_anonymous_reply_count":0,"_bbp_topic_count_hidden":0,"_bbp_reply_count_hidden":0,"_bbp_forum_subforum_count":0,"footnotes":""},"categories":[61],"tags":[],"class_list":["post-2675","post","type-post","status-publish","format-standard","has-post-thumbnail","hentry","category-6e"],"post_mailing_queue_ids":[],"_links":{"self":[{"href":"https:\/\/agora.xtec.cat\/escsantiagorates\/wp-json\/wp\/v2\/posts\/2675","targetHints":{"allow":["GET"]}}],"collection":[{"href":"https:\/\/agora.xtec.cat\/escsantiagorates\/wp-json\/wp\/v2\/posts"}],"about":[{"href":"https:\/\/agora.xtec.cat\/escsantiagorates\/wp-json\/wp\/v2\/types\/post"}],"author":[{"embeddable":true,"href":"https:\/\/agora.xtec.cat\/escsantiagorates\/wp-json\/wp\/v2\/users\/1"}],"replies":[{"embeddable":true,"href":"https:\/\/agora.xtec.cat\/escsantiagorates\/wp-json\/wp\/v2\/comments?post=2675"}],"version-history":[{"count":3,"href":"https:\/\/agora.xtec.cat\/escsantiagorates\/wp-json\/wp\/v2\/posts\/2675\/revisions"}],"predecessor-version":[{"id":2919,"href":"https:\/\/agora.xtec.cat\/escsantiagorates\/wp-json\/wp\/v2\/posts\/2675\/revisions\/2919"}],"wp:featuredmedia":[{"embeddable":true,"href":"https:\/\/agora.xtec.cat\/escsantiagorates\/wp-json\/wp\/v2\/media\/2676"}],"wp:attachment":[{"href":"https:\/\/agora.xtec.cat\/escsantiagorates\/wp-json\/wp\/v2\/media?parent=2675"}],"wp:term":[{"taxonomy":"category","embeddable":true,"href":"https:\/\/agora.xtec.cat\/escsantiagorates\/wp-json\/wp\/v2\/categories?post=2675"},{"taxonomy":"post_tag","embeddable":true,"href":"https:\/\/agora.xtec.cat\/escsantiagorates\/wp-json\/wp\/v2\/tags?post=2675"}],"curies":[{"name":"wp","href":"https:\/\/api.w.org\/{rel}","templated":true}]}}