{"id":2509,"date":"2021-10-28T13:03:20","date_gmt":"2021-10-28T11:03:20","guid":{"rendered":"https:\/\/agora.xtec.cat\/escsantiagorates\/?p=2509"},"modified":"2021-11-03T12:22:28","modified_gmt":"2021-11-03T11:22:28","slug":"bufa-la-tramuntana","status":"publish","type":"post","link":"https:\/\/agora.xtec.cat\/escsantiagorates\/segon\/bufa-la-tramuntana\/","title":{"rendered":"Bufa! La Tramuntana"},"content":{"rendered":"<p>A l&#8217;escola Santiago Rat\u00e9s estem descobrint el Parc Natural del Cap de Creus. Aquest cop ho hem fet d&#8217;una manera molt especial. Els\u00a0nens i nenes de 1r, 2n i 3r vam anar a fer una excursi\u00f3 matinal.<\/p>\n<p>Van venir dues monitores i resulta que havien perdut els vents quan venien cap a l&#8217;escola, aix\u00ed doncs, ens vam posar tots i totes a buscar-los i d&#8217;aquesta manera vam poder tornar a construir la famosa Rosa dels Vents.<\/p>\n<p>Vam aprendre moltes coses sobre els vents: sab\u00edeu que el vent de l&#8217;est es diu Llevant perqu\u00e8 \u00e9s per on es lleva el sol?<\/p>\n<p>A m\u00e9s, ens van explicar un conte &#8220;xul\u00edssim&#8221; dels pirates, Gaia i la Tramuntana.<\/p>\n<p>Despr\u00e9s, vam fer dos jocs que segur que hi jugarem al pati molt sovint.<\/p>\n<p>Feu &#8220;click&#8221; a la foto seg\u00fcent i veureu les fotos d&#8217;aquesta sortida<\/p>\n<p><a href=\"https:\/\/photos.app.goo.gl\/ywvc3SMDAsWUNEgq9\"><img decoding=\"async\" class=\"aligncenter\" src=\"https:\/\/pbs.twimg.com\/profile_images\/561217566731804672\/endltBe7_400x400.png\" alt=\"La Sorellona (@La_Sorellona) | Twitter\" \/><\/a><\/p>\n","protected":false},"excerpt":{"rendered":"<p>A l&#8217;escola Santiago Rat\u00e9s estem descobrint el Parc Natural del Cap de Creus. Aquest cop ho hem fet d&#8217;una manera molt especial. Els\u00a0nens i nenes de 1r, 2n i 3r vam anar a fer una excursi\u00f3 matinal.<br \/>\nVan venir dues monitores i resulta que havien perdut&hellip;  <a href=\"https:\/\/agora.xtec.cat\/escsantiagorates\/segon\/bufa-la-tramuntana\/\" title=\"Read Bufa! La Tramuntana\">Llegeix m\u00e9s\u00bb<\/a><\/p>\n","protected":false},"author":1,"featured_media":0,"comment_status":"closed","ping_status":"closed","sticky":false,"template":"","format":"standard","meta":{"_bbp_topic_count":0,"_bbp_reply_count":0,"_bbp_total_topic_count":0,"_bbp_total_reply_count":0,"_bbp_voice_count":0,"_bbp_anonymous_reply_count":0,"_bbp_topic_count_hidden":0,"_bbp_reply_count_hidden":0,"_bbp_forum_subforum_count":0,"footnotes":""},"categories":[62,64],"tags":[],"class_list":["post-2509","post","type-post","status-publish","format-standard","hentry","category-segon","category-primer-segon"],"post_mailing_queue_ids":[],"_links":{"self":[{"href":"https:\/\/agora.xtec.cat\/escsantiagorates\/wp-json\/wp\/v2\/posts\/2509","targetHints":{"allow":["GET"]}}],"collection":[{"href":"https:\/\/agora.xtec.cat\/escsantiagorates\/wp-json\/wp\/v2\/posts"}],"about":[{"href":"https:\/\/agora.xtec.cat\/escsantiagorates\/wp-json\/wp\/v2\/types\/post"}],"author":[{"embeddable":true,"href":"https:\/\/agora.xtec.cat\/escsantiagorates\/wp-json\/wp\/v2\/users\/1"}],"replies":[{"embeddable":true,"href":"https:\/\/agora.xtec.cat\/escsantiagorates\/wp-json\/wp\/v2\/comments?post=2509"}],"version-history":[{"count":2,"href":"https:\/\/agora.xtec.cat\/escsantiagorates\/wp-json\/wp\/v2\/posts\/2509\/revisions"}],"predecessor-version":[{"id":2511,"href":"https:\/\/agora.xtec.cat\/escsantiagorates\/wp-json\/wp\/v2\/posts\/2509\/revisions\/2511"}],"wp:attachment":[{"href":"https:\/\/agora.xtec.cat\/escsantiagorates\/wp-json\/wp\/v2\/media?parent=2509"}],"wp:term":[{"taxonomy":"category","embeddable":true,"href":"https:\/\/agora.xtec.cat\/escsantiagorates\/wp-json\/wp\/v2\/categories?post=2509"},{"taxonomy":"post_tag","embeddable":true,"href":"https:\/\/agora.xtec.cat\/escsantiagorates\/wp-json\/wp\/v2\/tags?post=2509"}],"curies":[{"name":"wp","href":"https:\/\/api.w.org\/{rel}","templated":true}]}}