{"id":2342,"date":"2021-04-16T09:31:11","date_gmt":"2021-04-16T07:31:11","guid":{"rendered":"http:\/\/agora.xtec.cat\/escsantiagorates\/?p=2342"},"modified":"2021-09-23T10:31:56","modified_gmt":"2021-09-23T08:31:56","slug":"bullying","status":"publish","type":"post","link":"https:\/\/agora.xtec.cat\/escsantiagorates\/portada\/bullying\/","title":{"rendered":"Bullying"},"content":{"rendered":"<div><a href=\"https:\/\/agora.xtec.cat\/escsantiagorates\/wp-content\/uploads\/usu1786\/2021\/04\/Bullying-web.jpg\"><img loading=\"lazy\" decoding=\"async\" class=\"wp-image-2343 alignleft\" src=\"https:\/\/agora.xtec.cat\/escsantiagorates\/wp-content\/uploads\/usu1786\/2021\/04\/Bullying-web.jpg\" alt=\"\" width=\"189\" height=\"262\" \/><\/a><\/div>\n<div><\/div>\n<div class=\"gmail_default\" style=\"text-align: justify;\">\n<p>El mes de mar\u00e7 vam comen\u00e7ar a implementar el programa &#8220;Prou\u00a0Bullying&#8221; impulsat per la Fundaci\u00f3 Bar\u00e7a. Una de les idees que ens va agradar per escollir aquest projecte va ser el fet d&#8217;utilitzar l&#8217;esport com a m\u00e8tode d&#8217;intervenci\u00f3 per a expressar i canalitzar les emocions, afavorir l&#8217;empatia i promoure les relacions entre els alumnes.<\/p>\n<p>El programa consta d&#8217;una formaci\u00f3 online per als mestres (que vam fer a principi de mar\u00e7) i 7 sessions amb els alumnes, divides en: 3 sessions de tutoria, 3 d&#8217;educaci\u00f3 f\u00edsica i una d&#8217;educaci\u00f3 art\u00edstica. L&#8217;hem implementat des de P5 a 6\u00e8.<\/p>\n<p>A final de curs valorarem com ha anat i el grau de satisfacci\u00f3 de tots els implicats per tal de continuar treballant l&#8217;assetjament i el ciberassetjament amb aquesta proposta.<\/p>\n<p>Us fem arribar dos enlla\u00e7os a v\u00eddeos i materials pensats per a les fam\u00edlies. Ens agradaria molt que us els pogu\u00e9ssiu mirar i col\u00b7laborar amb l&#8217;escola a partir de les vostres pr\u00f2pies reflexions sobre aquest tema amb\u00a0 els vostres fills i filles.<\/p>\n<\/div>\n<h3>&#8211; <a href=\"https:\/\/fundacio.fcbarcelona.cat\/videos-bullying-pares\">V\u00eddeos formatius<\/a><\/h3>\n<h3>&#8211; <a href=\"https:\/\/interactius.ara.cat\/bullying\">El meu fill fa bullying?<\/a><\/h3>\n<div class=\"gmail_default\"><\/div>\n","protected":false},"excerpt":{"rendered":"<p><a href=\"https:\/\/agora.xtec.cat\/escsantiagorates\/wp-content\/uploads\/usu1786\/2021\/04\/Bullying-web.jpg\"><\/a><\/p>\n<p>El mes de mar\u00e7 vam comen\u00e7ar a implementar el programa &#8220;Prou\u00a0Bullying&#8221; impulsat per la Fundaci\u00f3 Bar\u00e7a. Una de les idees que ens va agradar per escollir aquest projecte va ser el fet d&#8217;utilitzar l&#8217;esport com a m\u00e8tode d&#8217;intervenci\u00f3 per a expressar i canalitzar les&hellip;  <a href=\"https:\/\/agora.xtec.cat\/escsantiagorates\/portada\/bullying\/\" title=\"Read Bullying\">Llegeix m\u00e9s\u00bb<\/a><\/p>\n","protected":false},"author":1,"featured_media":0,"comment_status":"closed","ping_status":"closed","sticky":false,"template":"","format":"standard","meta":{"_bbp_topic_count":0,"_bbp_reply_count":0,"_bbp_total_topic_count":0,"_bbp_total_reply_count":0,"_bbp_voice_count":0,"_bbp_anonymous_reply_count":0,"_bbp_topic_count_hidden":0,"_bbp_reply_count_hidden":0,"_bbp_forum_subforum_count":0,"footnotes":""},"categories":[4],"tags":[],"class_list":["post-2342","post","type-post","status-publish","format-standard","hentry","category-portada"],"post_mailing_queue_ids":[],"_links":{"self":[{"href":"https:\/\/agora.xtec.cat\/escsantiagorates\/wp-json\/wp\/v2\/posts\/2342","targetHints":{"allow":["GET"]}}],"collection":[{"href":"https:\/\/agora.xtec.cat\/escsantiagorates\/wp-json\/wp\/v2\/posts"}],"about":[{"href":"https:\/\/agora.xtec.cat\/escsantiagorates\/wp-json\/wp\/v2\/types\/post"}],"author":[{"embeddable":true,"href":"https:\/\/agora.xtec.cat\/escsantiagorates\/wp-json\/wp\/v2\/users\/1"}],"replies":[{"embeddable":true,"href":"https:\/\/agora.xtec.cat\/escsantiagorates\/wp-json\/wp\/v2\/comments?post=2342"}],"version-history":[{"count":3,"href":"https:\/\/agora.xtec.cat\/escsantiagorates\/wp-json\/wp\/v2\/posts\/2342\/revisions"}],"predecessor-version":[{"id":2348,"href":"https:\/\/agora.xtec.cat\/escsantiagorates\/wp-json\/wp\/v2\/posts\/2342\/revisions\/2348"}],"wp:attachment":[{"href":"https:\/\/agora.xtec.cat\/escsantiagorates\/wp-json\/wp\/v2\/media?parent=2342"}],"wp:term":[{"taxonomy":"category","embeddable":true,"href":"https:\/\/agora.xtec.cat\/escsantiagorates\/wp-json\/wp\/v2\/categories?post=2342"},{"taxonomy":"post_tag","embeddable":true,"href":"https:\/\/agora.xtec.cat\/escsantiagorates\/wp-json\/wp\/v2\/tags?post=2342"}],"curies":[{"name":"wp","href":"https:\/\/api.w.org\/{rel}","templated":true}]}}