{"id":2249,"date":"2021-01-27T14:55:57","date_gmt":"2021-01-27T13:55:57","guid":{"rendered":"http:\/\/agora.xtec.cat\/escsantiagorates\/?p=2249"},"modified":"2021-03-02T16:37:09","modified_gmt":"2021-03-02T15:37:09","slug":"kilometres-de-solidaritat","status":"publish","type":"post","link":"https:\/\/agora.xtec.cat\/escsantiagorates\/portada\/kilometres-de-solidaritat\/","title":{"rendered":"Kil\u00f2metres de solidaritat"},"content":{"rendered":"<h3>GR\u00c0CIES A TOTES LES FAM\u00cdLIES I A L&#8217;AJUNTAMENT HEM ACONSEGUIT <span style=\"text-decoration: underline;\"><strong>660\u20ac!!<\/strong><\/span><\/h3>\n<p>El <strong>divendres, 29 de gener de 2021<\/strong> (Dia Escolar de la No-viol\u00e8ncia i la Pau) tornem a organitzar els &#8220;Kil\u00f2metres de solidaritat&#8221; de Save the children. Degut a la pand\u00e8mia, la durem a terme en un format diferent i restringit nom\u00e9s als alumnes de l&#8217;escola.<\/p>\n<p>Si voleu m\u00e9s informaci\u00f3 sobre &#8220;Kil\u00f2metres de solidaritat&#8221;, <strong><a href=\"https:\/\/www.youtube.com\/watch?v=5JlV4niyrjQ&amp;feature=youtu.be\">AQU\u00cd<\/a> <\/strong>teniu un v\u00eddeo explicatiu.<\/p>\n<p><a href=\"https:\/\/agora.xtec.cat\/escsantiagorates\/wp-content\/uploads\/usu1786\/2021\/01\/MX-2614N_20210127_134514_page-0001-e1611821672340.jpg\"><img loading=\"lazy\" decoding=\"async\" class=\"alignnone wp-image-2266 size-medium\" src=\"https:\/\/agora.xtec.cat\/escsantiagorates\/wp-content\/uploads\/usu1786\/2021\/01\/MX-2614N_20210127_134514_page-0001-e1611821672340-251x300.jpg\" alt=\"\" width=\"251\" height=\"300\" srcset=\"https:\/\/agora.xtec.cat\/escsantiagorates\/wp-content\/uploads\/usu1786\/2021\/01\/MX-2614N_20210127_134514_page-0001-e1611821672340-251x300.jpg 251w, https:\/\/agora.xtec.cat\/escsantiagorates\/wp-content\/uploads\/usu1786\/2021\/01\/MX-2614N_20210127_134514_page-0001-e1611821672340.jpg 473w\" sizes=\"auto, (max-width: 251px) 100vw, 251px\" \/><\/a><\/p>\n","protected":false},"excerpt":{"rendered":"<p>GR\u00c0CIES A TOTES LES FAM\u00cdLIES I A L&#8217;AJUNTAMENT HEM ACONSEGUIT 660\u20ac!!<br \/>\nEl divendres, 29 de gener de 2021 (Dia Escolar de la No-viol\u00e8ncia i la Pau) tornem a organitzar els &#8220;Kil\u00f2metres de solidaritat&#8221; de Save the children. Degut a la pand\u00e8mia, la durem a terme en&hellip;  <a href=\"https:\/\/agora.xtec.cat\/escsantiagorates\/portada\/kilometres-de-solidaritat\/\" title=\"Read Kil\u00f2metres de solidaritat\">Llegeix m\u00e9s\u00bb<\/a><\/p>\n","protected":false},"author":1,"featured_media":1673,"comment_status":"closed","ping_status":"closed","sticky":false,"template":"","format":"standard","meta":{"_bbp_topic_count":0,"_bbp_reply_count":0,"_bbp_total_topic_count":0,"_bbp_total_reply_count":0,"_bbp_voice_count":0,"_bbp_anonymous_reply_count":0,"_bbp_topic_count_hidden":0,"_bbp_reply_count_hidden":0,"_bbp_forum_subforum_count":0,"footnotes":""},"categories":[4],"tags":[],"class_list":["post-2249","post","type-post","status-publish","format-standard","has-post-thumbnail","hentry","category-portada"],"post_mailing_queue_ids":[],"_links":{"self":[{"href":"https:\/\/agora.xtec.cat\/escsantiagorates\/wp-json\/wp\/v2\/posts\/2249","targetHints":{"allow":["GET"]}}],"collection":[{"href":"https:\/\/agora.xtec.cat\/escsantiagorates\/wp-json\/wp\/v2\/posts"}],"about":[{"href":"https:\/\/agora.xtec.cat\/escsantiagorates\/wp-json\/wp\/v2\/types\/post"}],"author":[{"embeddable":true,"href":"https:\/\/agora.xtec.cat\/escsantiagorates\/wp-json\/wp\/v2\/users\/1"}],"replies":[{"embeddable":true,"href":"https:\/\/agora.xtec.cat\/escsantiagorates\/wp-json\/wp\/v2\/comments?post=2249"}],"version-history":[{"count":3,"href":"https:\/\/agora.xtec.cat\/escsantiagorates\/wp-json\/wp\/v2\/posts\/2249\/revisions"}],"predecessor-version":[{"id":2308,"href":"https:\/\/agora.xtec.cat\/escsantiagorates\/wp-json\/wp\/v2\/posts\/2249\/revisions\/2308"}],"wp:featuredmedia":[{"embeddable":true,"href":"https:\/\/agora.xtec.cat\/escsantiagorates\/wp-json\/wp\/v2\/media\/1673"}],"wp:attachment":[{"href":"https:\/\/agora.xtec.cat\/escsantiagorates\/wp-json\/wp\/v2\/media?parent=2249"}],"wp:term":[{"taxonomy":"category","embeddable":true,"href":"https:\/\/agora.xtec.cat\/escsantiagorates\/wp-json\/wp\/v2\/categories?post=2249"},{"taxonomy":"post_tag","embeddable":true,"href":"https:\/\/agora.xtec.cat\/escsantiagorates\/wp-json\/wp\/v2\/tags?post=2249"}],"curies":[{"name":"wp","href":"https:\/\/api.w.org\/{rel}","templated":true}]}}