{"id":2132,"date":"2020-11-16T10:30:22","date_gmt":"2020-11-16T09:30:22","guid":{"rendered":"http:\/\/agora.xtec.cat\/escsantiagorates\/?p=2132"},"modified":"2020-11-16T10:38:01","modified_gmt":"2020-11-16T09:38:01","slug":"sortida-a-la-riera-de-vilajuiga","status":"publish","type":"post","link":"https:\/\/agora.xtec.cat\/escsantiagorates\/segon\/sortida-a-la-riera-de-vilajuiga\/","title":{"rendered":"Sortida a la Riera de Vilaju\u00efga"},"content":{"rendered":"<p>El dimecres dia 11 de novembre els nens i nenes de Cicle Inicial vam anar a la riera de Vilaju\u00efga, l&#8217;Associaci\u00f3 la Sorellona ens havia preparat una activitat.<\/p>\n<p>Va ser un mat\u00ed molt interessant i ple de descobriments, vam poder pescar a la nostra riera, amb la sort de trobar macroinvertebrats i alguna sorpresa m\u00e9s com cap grossos i una granoteta.<\/p>\n<p>A m\u00e9s, vam poder veure i tocar diverses esp\u00e8cies que habiten en els nostres rius, com el peix sol, la carpa, el barb i l&#8217;anguila, alguns s\u00f3n aut\u00f2ctons i altres introduits per l&#8217;\u00e9sser hum\u00e0.<\/p>\n<p>Tamb\u00e9 vam fer un joc per poder con\u00e8ixer millor all\u00f2 que podem fer al Cap de Creus i aix\u00ed saber com respectar millor el medi que ens envolta.<\/p>\n<p>Va ser fant\u00e0stic!<\/p>\n<p>A continuaci\u00f3 si cliqueu la imatge podreu veure les fotos.<\/p>\n<p><a href=\"https:\/\/photos.app.goo.gl\/x1MowSSJpCSnGRdr8\"><img loading=\"lazy\" decoding=\"async\" class=\"aligncenter\" src=\"https:\/\/pbs.twimg.com\/profile_images\/561217566731804672\/endltBe7_400x400.png\" alt=\"La Sorellona (@La_Sorellona) | Twitter\" width=\"246\" height=\"246\" \/><\/a><\/p>\n<p>&nbsp;<\/p>\n","protected":false},"excerpt":{"rendered":"<p>El dimecres dia 11 de novembre els nens i nenes de Cicle Inicial vam anar a la riera de Vilaju\u00efga, l&#8217;Associaci\u00f3 la Sorellona ens havia preparat una activitat.<br \/>\nVa ser un mat\u00ed molt interessant i ple de descobriments, vam poder pescar a la nostra riera, amb&hellip;  <a href=\"https:\/\/agora.xtec.cat\/escsantiagorates\/segon\/sortida-a-la-riera-de-vilajuiga\/\" title=\"Read Sortida a la Riera de Vilaju\u00efga\">Llegeix m\u00e9s\u00bb<\/a><\/p>\n","protected":false},"author":1,"featured_media":0,"comment_status":"open","ping_status":"closed","sticky":false,"template":"","format":"standard","meta":{"_bbp_topic_count":0,"_bbp_reply_count":0,"_bbp_total_topic_count":0,"_bbp_total_reply_count":0,"_bbp_voice_count":0,"_bbp_anonymous_reply_count":0,"_bbp_topic_count_hidden":0,"_bbp_reply_count_hidden":0,"_bbp_forum_subforum_count":0,"footnotes":""},"categories":[62,64],"tags":[],"class_list":["post-2132","post","type-post","status-publish","format-standard","hentry","category-segon","category-primer-segon"],"post_mailing_queue_ids":[],"_links":{"self":[{"href":"https:\/\/agora.xtec.cat\/escsantiagorates\/wp-json\/wp\/v2\/posts\/2132","targetHints":{"allow":["GET"]}}],"collection":[{"href":"https:\/\/agora.xtec.cat\/escsantiagorates\/wp-json\/wp\/v2\/posts"}],"about":[{"href":"https:\/\/agora.xtec.cat\/escsantiagorates\/wp-json\/wp\/v2\/types\/post"}],"author":[{"embeddable":true,"href":"https:\/\/agora.xtec.cat\/escsantiagorates\/wp-json\/wp\/v2\/users\/1"}],"replies":[{"embeddable":true,"href":"https:\/\/agora.xtec.cat\/escsantiagorates\/wp-json\/wp\/v2\/comments?post=2132"}],"version-history":[{"count":3,"href":"https:\/\/agora.xtec.cat\/escsantiagorates\/wp-json\/wp\/v2\/posts\/2132\/revisions"}],"predecessor-version":[{"id":2135,"href":"https:\/\/agora.xtec.cat\/escsantiagorates\/wp-json\/wp\/v2\/posts\/2132\/revisions\/2135"}],"wp:attachment":[{"href":"https:\/\/agora.xtec.cat\/escsantiagorates\/wp-json\/wp\/v2\/media?parent=2132"}],"wp:term":[{"taxonomy":"category","embeddable":true,"href":"https:\/\/agora.xtec.cat\/escsantiagorates\/wp-json\/wp\/v2\/categories?post=2132"},{"taxonomy":"post_tag","embeddable":true,"href":"https:\/\/agora.xtec.cat\/escsantiagorates\/wp-json\/wp\/v2\/tags?post=2132"}],"curies":[{"name":"wp","href":"https:\/\/api.w.org\/{rel}","templated":true}]}}