{"id":1953,"date":"2020-04-02T20:04:58","date_gmt":"2020-04-02T18:04:58","guid":{"rendered":"http:\/\/agora.xtec.cat\/escsantiagorates\/?p=1953"},"modified":"2020-04-02T20:06:04","modified_gmt":"2020-04-02T18:06:04","slug":"magradaria-ser-espacial","status":"publish","type":"post","link":"https:\/\/agora.xtec.cat\/escsantiagorates\/portada\/magradaria-ser-espacial\/","title":{"rendered":"M&#8217;agradaria ser espAcial"},"content":{"rendered":"<p>Els alumnes de segon, durant el segon trimestre, han elaborat un conte amb el projecte de Medi. L&#8217;objectiu era conscienciar els alumnes del per qu\u00e8 hem de cuidar el planeta Terra.<\/p>\n<p>En aquest projecte vam estudiar l&#8217;univers, els planetes del sistema Solar i vam viatjar fins Laniakea. Al final del viatge tots volem tornar cap a la Terra, l&#8217;\u00fanic planeta que ens fa sentir com a casa. Entre tots els planetes, milers i milions de planetes, la Terra \u00e9s el planeta m\u00e9s espectacular i especial. Per aix\u00f2, \u00e9s molt important tenir cura d&#8217;ella.<\/p>\n<p>Totes les il\u00b7lustracions estan fetes pels alumnes de 2n. Els alumnes eren conscients que les il\u00b7lustracions tenien que ser cient\u00edficament correctes: proporcions, colors, formes, informaci\u00f3 adicional&#8230; Cada il\u00b7lustraci\u00f3 del conte ha estat aprovat per un tribunal cient\u00edfic del qual formava part Albert Morral, f\u00edsic-astr\u00f2nom a l&#8217;agrupaci\u00f3 astron\u00f2mica Sabadell. Tamb\u00e9 tota la informaci\u00f3 cient\u00edfica del conte ha estat revisada per l&#8217;Albert.<\/p>\n<p><a href=\"https:\/\/drive.google.com\/file\/d\/1IFyLG0ZoTgUL8OhInlin4q6QHSLA-xYF\/view?usp=sharing\"><img loading=\"lazy\" decoding=\"async\" class=\"alignnone size-full wp-image-1954\" src=\"https:\/\/agora.xtec.cat\/escsantiagorates\/wp-content\/uploads\/usu1786\/2020\/04\/Conte-2n.jpg\" alt=\"\" width=\"370\" height=\"521\" srcset=\"https:\/\/agora.xtec.cat\/escsantiagorates\/wp-content\/uploads\/usu1786\/2020\/04\/Conte-2n.jpg 370w, https:\/\/agora.xtec.cat\/escsantiagorates\/wp-content\/uploads\/usu1786\/2020\/04\/Conte-2n-213x300.jpg 213w\" sizes=\"auto, (max-width: 370px) 100vw, 370px\" \/><\/a><\/p>\n","protected":false},"excerpt":{"rendered":"<p>Els alumnes de segon, durant el segon trimestre, han elaborat un conte amb el projecte de Medi. L&#8217;objectiu era conscienciar els alumnes del per qu\u00e8 hem de cuidar el planeta Terra.<br \/>\nEn aquest projecte vam estudiar l&#8217;univers, els planetes del sistema Solar i vam viatjar fins&hellip;  <a href=\"https:\/\/agora.xtec.cat\/escsantiagorates\/portada\/magradaria-ser-espacial\/\" title=\"Read M&#8217;agradaria ser espAcial\">Llegeix m\u00e9s\u00bb<\/a><\/p>\n","protected":false},"author":1,"featured_media":1954,"comment_status":"closed","ping_status":"closed","sticky":false,"template":"","format":"standard","meta":{"_bbp_topic_count":0,"_bbp_reply_count":0,"_bbp_total_topic_count":0,"_bbp_total_reply_count":0,"_bbp_voice_count":0,"_bbp_anonymous_reply_count":0,"_bbp_topic_count_hidden":0,"_bbp_reply_count_hidden":0,"_bbp_forum_subforum_count":0,"footnotes":""},"categories":[62,60,61,64,4,79,78],"tags":[137],"class_list":["post-1953","post","type-post","status-publish","format-standard","has-post-thumbnail","hentry","category-segon","category-5e","category-6e","category-primer-segon","category-portada","category-taronja-infantil","category-verd","tag-segon"],"post_mailing_queue_ids":[],"_links":{"self":[{"href":"https:\/\/agora.xtec.cat\/escsantiagorates\/wp-json\/wp\/v2\/posts\/1953","targetHints":{"allow":["GET"]}}],"collection":[{"href":"https:\/\/agora.xtec.cat\/escsantiagorates\/wp-json\/wp\/v2\/posts"}],"about":[{"href":"https:\/\/agora.xtec.cat\/escsantiagorates\/wp-json\/wp\/v2\/types\/post"}],"author":[{"embeddable":true,"href":"https:\/\/agora.xtec.cat\/escsantiagorates\/wp-json\/wp\/v2\/users\/1"}],"replies":[{"embeddable":true,"href":"https:\/\/agora.xtec.cat\/escsantiagorates\/wp-json\/wp\/v2\/comments?post=1953"}],"version-history":[{"count":2,"href":"https:\/\/agora.xtec.cat\/escsantiagorates\/wp-json\/wp\/v2\/posts\/1953\/revisions"}],"predecessor-version":[{"id":1956,"href":"https:\/\/agora.xtec.cat\/escsantiagorates\/wp-json\/wp\/v2\/posts\/1953\/revisions\/1956"}],"wp:featuredmedia":[{"embeddable":true,"href":"https:\/\/agora.xtec.cat\/escsantiagorates\/wp-json\/wp\/v2\/media\/1954"}],"wp:attachment":[{"href":"https:\/\/agora.xtec.cat\/escsantiagorates\/wp-json\/wp\/v2\/media?parent=1953"}],"wp:term":[{"taxonomy":"category","embeddable":true,"href":"https:\/\/agora.xtec.cat\/escsantiagorates\/wp-json\/wp\/v2\/categories?post=1953"},{"taxonomy":"post_tag","embeddable":true,"href":"https:\/\/agora.xtec.cat\/escsantiagorates\/wp-json\/wp\/v2\/tags?post=1953"}],"curies":[{"name":"wp","href":"https:\/\/api.w.org\/{rel}","templated":true}]}}