{"id":1624,"date":"2019-11-29T10:30:29","date_gmt":"2019-11-29T09:30:29","guid":{"rendered":"http:\/\/agora.xtec.cat\/escsantiagorates\/?p=1624"},"modified":"2019-12-18T13:44:24","modified_gmt":"2019-12-18T12:44:24","slug":"concert-dhivern","status":"publish","type":"post","link":"https:\/\/agora.xtec.cat\/escsantiagorates\/portada\/concert-dhivern\/","title":{"rendered":"Concert d&#8217;hivern"},"content":{"rendered":"<p>Benvolgudes fam\u00edlies,<\/p>\n<p>El Concert d&#8217;hivern d&#8217;aquest any ser\u00e0 el dijous, 19 de desembre a les 19:30h al Pavell\u00f3 de Vilaju\u00efga. Els vostres fills i filles hi hauran de ser a les <strong>19:15h.<\/strong><\/p>\n<p><a href=\"https:\/\/agora.xtec.cat\/escsantiagorates\/wp-content\/uploads\/usu1786\/2019\/11\/CONCERT-DHIVEN_pages-to-jpg-0001-e1575019932848.jpg\"><br \/>\n<\/a><a href=\"https:\/\/agora.xtec.cat\/escsantiagorates\/wp-content\/uploads\/usu1786\/2019\/11\/CONCERT-DHIVEN_pages-to-jpg-0001-e1575019932848.jpg\"><img loading=\"lazy\" decoding=\"async\" class=\"aligncenter wp-image-1625 size-large\" src=\"https:\/\/agora.xtec.cat\/escsantiagorates\/wp-content\/uploads\/usu1786\/2019\/11\/CONCERT-DHIVEN_pages-to-jpg-0001-724x1024.jpg\" alt=\"\" width=\"724\" height=\"1024\" \/><\/a><\/p>\n","protected":false},"excerpt":{"rendered":"<p>Benvolgudes fam\u00edlies,<br \/>\nEl Concert d&#8217;hivern d&#8217;aquest any ser\u00e0 el dijous, 19 de desembre a les 19:30h al Pavell\u00f3 de Vilaju\u00efga. Els vostres fills i filles hi hauran de ser a les 19:15h.<br \/>\n<a href=\"https:\/\/agora.xtec.cat\/escsantiagorates\/wp-content\/uploads\/usu1786\/2019\/11\/CONCERT-DHIVEN_pages-to-jpg-0001-e1575019932848.jpg\"><br \/>\n<\/a><a href=\"https:\/\/agora.xtec.cat\/escsantiagorates\/wp-content\/uploads\/usu1786\/2019\/11\/CONCERT-DHIVEN_pages-to-jpg-0001-e1575019932848.jpg\"><\/a><\/p>\n","protected":false},"author":1,"featured_media":0,"comment_status":"closed","ping_status":"closed","sticky":false,"template":"","format":"standard","meta":{"_bbp_topic_count":0,"_bbp_reply_count":0,"_bbp_total_topic_count":0,"_bbp_total_reply_count":0,"_bbp_voice_count":0,"_bbp_anonymous_reply_count":0,"_bbp_topic_count_hidden":0,"_bbp_reply_count_hidden":0,"_bbp_forum_subforum_count":0,"footnotes":""},"categories":[4],"tags":[],"class_list":["post-1624","post","type-post","status-publish","format-standard","hentry","category-portada"],"post_mailing_queue_ids":[],"_links":{"self":[{"href":"https:\/\/agora.xtec.cat\/escsantiagorates\/wp-json\/wp\/v2\/posts\/1624","targetHints":{"allow":["GET"]}}],"collection":[{"href":"https:\/\/agora.xtec.cat\/escsantiagorates\/wp-json\/wp\/v2\/posts"}],"about":[{"href":"https:\/\/agora.xtec.cat\/escsantiagorates\/wp-json\/wp\/v2\/types\/post"}],"author":[{"embeddable":true,"href":"https:\/\/agora.xtec.cat\/escsantiagorates\/wp-json\/wp\/v2\/users\/1"}],"replies":[{"embeddable":true,"href":"https:\/\/agora.xtec.cat\/escsantiagorates\/wp-json\/wp\/v2\/comments?post=1624"}],"version-history":[{"count":4,"href":"https:\/\/agora.xtec.cat\/escsantiagorates\/wp-json\/wp\/v2\/posts\/1624\/revisions"}],"predecessor-version":[{"id":1653,"href":"https:\/\/agora.xtec.cat\/escsantiagorates\/wp-json\/wp\/v2\/posts\/1624\/revisions\/1653"}],"wp:attachment":[{"href":"https:\/\/agora.xtec.cat\/escsantiagorates\/wp-json\/wp\/v2\/media?parent=1624"}],"wp:term":[{"taxonomy":"category","embeddable":true,"href":"https:\/\/agora.xtec.cat\/escsantiagorates\/wp-json\/wp\/v2\/categories?post=1624"},{"taxonomy":"post_tag","embeddable":true,"href":"https:\/\/agora.xtec.cat\/escsantiagorates\/wp-json\/wp\/v2\/tags?post=1624"}],"curies":[{"name":"wp","href":"https:\/\/api.w.org\/{rel}","templated":true}]}}