{"id":1527,"date":"2019-06-13T10:30:36","date_gmt":"2019-06-13T08:30:36","guid":{"rendered":"http:\/\/agora.xtec.cat\/escsantiagorates\/?p=1527"},"modified":"2019-06-13T10:31:26","modified_gmt":"2019-06-13T08:31:26","slug":"revista-present-passat-i-futur","status":"publish","type":"post","link":"https:\/\/agora.xtec.cat\/escsantiagorates\/portada\/revista-present-passat-i-futur\/","title":{"rendered":"Revista &#8220;Present, passat i futur&#8221;"},"content":{"rendered":"<p>Dem\u00e0, els alumnes de 3r de l&#8217;escola, faran la presentaci\u00f3 de la revista &#8220;Present, passat i futur&#8221; amb la col\u00b7laboraci\u00f3 d&#8217;OMNIUM Cultural i els avis del poble. L&#8217;acte tindr\u00e0 lloc: divendres 14 de juny a les 19h al Centre C\u00edvic. Hi esteu tots\/es convidats!<\/p>\n<p><a href=\"https:\/\/agora.xtec.cat\/escsantiagorates\/wp-content\/uploads\/usu1786\/2019\/06\/img6.jpg\"><img loading=\"lazy\" decoding=\"async\" class=\"aligncenter size-large wp-image-1528\" src=\"https:\/\/agora.xtec.cat\/escsantiagorates\/wp-content\/uploads\/usu1786\/2019\/06\/img6-724x1024.jpg\" alt=\"\" width=\"724\" height=\"1024\" srcset=\"https:\/\/agora.xtec.cat\/escsantiagorates\/wp-content\/uploads\/usu1786\/2019\/06\/img6-724x1024.jpg 724w, https:\/\/agora.xtec.cat\/escsantiagorates\/wp-content\/uploads\/usu1786\/2019\/06\/img6-212x300.jpg 212w, https:\/\/agora.xtec.cat\/escsantiagorates\/wp-content\/uploads\/usu1786\/2019\/06\/img6-768x1086.jpg 768w, https:\/\/agora.xtec.cat\/escsantiagorates\/wp-content\/uploads\/usu1786\/2019\/06\/img6.jpg 1653w\" sizes=\"auto, (max-width: 724px) 100vw, 724px\" \/><\/a> <a href=\"https:\/\/agora.xtec.cat\/escsantiagorates\/wp-content\/uploads\/usu1786\/2019\/06\/img11.jpg\"><img loading=\"lazy\" decoding=\"async\" class=\"aligncenter size-large wp-image-1529\" src=\"https:\/\/agora.xtec.cat\/escsantiagorates\/wp-content\/uploads\/usu1786\/2019\/06\/img11-722x1024.jpg\" alt=\"\" width=\"722\" height=\"1024\" srcset=\"https:\/\/agora.xtec.cat\/escsantiagorates\/wp-content\/uploads\/usu1786\/2019\/06\/img11-722x1024.jpg 722w, https:\/\/agora.xtec.cat\/escsantiagorates\/wp-content\/uploads\/usu1786\/2019\/06\/img11-211x300.jpg 211w, https:\/\/agora.xtec.cat\/escsantiagorates\/wp-content\/uploads\/usu1786\/2019\/06\/img11-768x1090.jpg 768w, https:\/\/agora.xtec.cat\/escsantiagorates\/wp-content\/uploads\/usu1786\/2019\/06\/img11.jpg 1165w\" sizes=\"auto, (max-width: 722px) 100vw, 722px\" \/><\/a><\/p>\n","protected":false},"excerpt":{"rendered":"<p>Dem\u00e0, els alumnes de 3r de l&#8217;escola, faran la presentaci\u00f3 de la revista &#8220;Present, passat i futur&#8221; amb la col\u00b7laboraci\u00f3 d&#8217;OMNIUM Cultural i els avis del poble. L&#8217;acte tindr\u00e0 lloc: divendres 14 de juny a les 19h al Centre C\u00edvic. Hi esteu tots\/es convidats!<br \/>\n<a href=\"https:\/\/agora.xtec.cat\/escsantiagorates\/wp-content\/uploads\/usu1786\/2019\/06\/img6.jpg\"><\/a>&hellip;  <a href=\"https:\/\/agora.xtec.cat\/escsantiagorates\/portada\/revista-present-passat-i-futur\/\" title=\"Read Revista &#8220;Present, passat i futur&#8221;\">Llegeix m\u00e9s\u00bb<\/a><\/p>\n","protected":false},"author":1,"featured_media":1529,"comment_status":"closed","ping_status":"closed","sticky":false,"template":"","format":"standard","meta":{"_bbp_topic_count":0,"_bbp_reply_count":0,"_bbp_total_topic_count":0,"_bbp_total_reply_count":0,"_bbp_voice_count":0,"_bbp_anonymous_reply_count":0,"_bbp_topic_count_hidden":0,"_bbp_reply_count_hidden":0,"_bbp_forum_subforum_count":0,"footnotes":""},"categories":[4],"tags":[],"class_list":["post-1527","post","type-post","status-publish","format-standard","has-post-thumbnail","hentry","category-portada"],"post_mailing_queue_ids":[],"_links":{"self":[{"href":"https:\/\/agora.xtec.cat\/escsantiagorates\/wp-json\/wp\/v2\/posts\/1527","targetHints":{"allow":["GET"]}}],"collection":[{"href":"https:\/\/agora.xtec.cat\/escsantiagorates\/wp-json\/wp\/v2\/posts"}],"about":[{"href":"https:\/\/agora.xtec.cat\/escsantiagorates\/wp-json\/wp\/v2\/types\/post"}],"author":[{"embeddable":true,"href":"https:\/\/agora.xtec.cat\/escsantiagorates\/wp-json\/wp\/v2\/users\/1"}],"replies":[{"embeddable":true,"href":"https:\/\/agora.xtec.cat\/escsantiagorates\/wp-json\/wp\/v2\/comments?post=1527"}],"version-history":[{"count":1,"href":"https:\/\/agora.xtec.cat\/escsantiagorates\/wp-json\/wp\/v2\/posts\/1527\/revisions"}],"predecessor-version":[{"id":1530,"href":"https:\/\/agora.xtec.cat\/escsantiagorates\/wp-json\/wp\/v2\/posts\/1527\/revisions\/1530"}],"wp:featuredmedia":[{"embeddable":true,"href":"https:\/\/agora.xtec.cat\/escsantiagorates\/wp-json\/wp\/v2\/media\/1529"}],"wp:attachment":[{"href":"https:\/\/agora.xtec.cat\/escsantiagorates\/wp-json\/wp\/v2\/media?parent=1527"}],"wp:term":[{"taxonomy":"category","embeddable":true,"href":"https:\/\/agora.xtec.cat\/escsantiagorates\/wp-json\/wp\/v2\/categories?post=1527"},{"taxonomy":"post_tag","embeddable":true,"href":"https:\/\/agora.xtec.cat\/escsantiagorates\/wp-json\/wp\/v2\/tags?post=1527"}],"curies":[{"name":"wp","href":"https:\/\/api.w.org\/{rel}","templated":true}]}}