{"id":2092,"date":"2026-03-03T14:00:34","date_gmt":"2026-03-03T13:00:34","guid":{"rendered":"https:\/\/agora.xtec.cat\/escsantesteve\/?p=2092"},"modified":"2026-04-29T09:24:03","modified_gmt":"2026-04-29T07:24:03","slug":"preinscripcio-2026-2027","status":"publish","type":"post","link":"https:\/\/agora.xtec.cat\/escsantesteve\/portada\/preinscripcio-2026-2027\/","title":{"rendered":"Preinscripci\u00f3 2026-2027"},"content":{"rendered":"<p>Benvolgudes fam\u00edlies,<\/p>\n<p>En aquest espai us anirem adjuntant la informaci\u00f3 relativa al proc\u00e9s de preinscripci\u00f3 i matr\u00edcula.<\/p>\n<p><a href=\"https:\/\/agora.xtec.cat\/escsantesteve\/wp-content\/uploads\/usu1619\/2026\/03\/Preinscripcio_baners_Web_educacio__Preinscripcio_web_educacio_555x431_PRIMARIA.jpg\"><img loading=\"lazy\" decoding=\"async\" class=\"aligncenter wp-image-2094 size-medium\" src=\"https:\/\/agora.xtec.cat\/escsantesteve\/wp-content\/uploads\/usu1619\/2026\/03\/Preinscripcio_baners_Web_educacio__Preinscripcio_web_educacio_555x431_PRIMARIA-300x235.jpg\" alt=\"\" width=\"300\" height=\"235\" srcset=\"https:\/\/agora.xtec.cat\/escsantesteve\/wp-content\/uploads\/usu1619\/2026\/03\/Preinscripcio_baners_Web_educacio__Preinscripcio_web_educacio_555x431_PRIMARIA-300x235.jpg 300w, https:\/\/agora.xtec.cat\/escsantesteve\/wp-content\/uploads\/usu1619\/2026\/03\/Preinscripcio_baners_Web_educacio__Preinscripcio_web_educacio_555x431_PRIMARIA.jpg 572w\" sizes=\"auto, (max-width: 300px) 100vw, 300px\" \/><\/a><\/p>\n<ul>\n<li><a href=\"https:\/\/agora.xtec.cat\/escsantesteve\/wp-content\/uploads\/usu1619\/2026\/03\/INFORME_BAREM_DEFINITIU_BAREM.pdf\" target=\"_blank\" rel=\"noopener\">Llista ordenada<\/a> (29\/04\/2026)<\/li>\n<li>N\u00famero de sorteig: 42129 (28\/04\/2026)<\/li>\n<li><a href=\"https:\/\/agora.xtec.cat\/escsantesteve\/wp-content\/uploads\/usu1619\/2026\/03\/INFORME_BAREM_RESOLTES_BAREM.pdf\" target=\"_blank\" rel=\"noopener\">Llista puntuacions resoltes les reclamacions<\/a> (23\/04\/2026)<\/li>\n<li><a href=\"https:\/\/agora.xtec.cat\/escsantesteve\/wp-content\/uploads\/usu1619\/2026\/03\/INFORME_BAREM_PROVISIONAL_BAREM_15042026.pdf\" target=\"_blank\" rel=\"noopener\">Llista puntuaci\u00f3 provisional<\/a> (15\/04\/2026)<\/li>\n<li><a href=\"https:\/\/preinscripcio.gencat.cat\/ca\/inici\/index.html\" target=\"_blank\" rel=\"noopener\">Enlla\u00e7 a la preinscripci\u00f3<\/a> (04\/03\/26)<\/li>\n<li><a href=\"https:\/\/agora.xtec.cat\/escsantesteve\/wp-content\/uploads\/usu1619\/2026\/03\/Publicacio_oferta_inicial_places.pdf\" target=\"_blank\" rel=\"noopener\">Oferta Inicial<\/a> (03\/03\/2026)<\/li>\n<\/ul>\n","protected":false},"excerpt":{"rendered":"<p>Benvolgudes fam\u00edlies,<br \/>\nEn aquest espai us anirem adjuntant la informaci\u00f3 relativa al proc\u00e9s de preinscripci\u00f3 i matr\u00edcula.<br \/>\n<a href=\"https:\/\/agora.xtec.cat\/escsantesteve\/wp-content\/uploads\/usu1619\/2026\/03\/Preinscripcio_baners_Web_educacio__Preinscripcio_web_educacio_555x431_PRIMARIA.jpg\"><\/a><\/p>\n<ul>\n<li><a href=\"https:\/\/agora.xtec.cat\/escsantesteve\/wp-content\/uploads\/usu1619\/2026\/03\/INFORME_BAREM_DEFINITIU_BAREM.pdf\" target=\"_blank\" rel=\"noopener\">Llista ordenada<\/a> (29\/04\/2026)<\/li>\n<li>N\u00famero de sorteig: 42129 (28\/04\/2026)<\/li>\n<li><a href=\"https:\/\/agora.xtec.cat\/escsantesteve\/wp-content\/uploads\/usu1619\/2026\/03\/INFORME_BAREM_RESOLTES_BAREM.pdf\" target=\"_blank\" rel=\"noopener\">Llista puntuacions resoltes les reclamacions<\/a> (23\/04\/2026)<\/li>\n<li><a href=\"https:\/\/agora.xtec.cat\/escsantesteve\/wp-content\/uploads\/usu1619\/2026\/03\/INFORME_BAREM_PROVISIONAL_BAREM_15042026.pdf\" target=\"_blank\" rel=\"noopener\">Llista puntuaci\u00f3 provisional<\/a> (15\/04\/2026)<\/li>\n<li><a href=\"https:\/\/preinscripcio.gencat.cat\/ca\/inici\/index.html\" target=\"_blank\" rel=\"noopener\">Enlla\u00e7 a la&hellip;  <a href=\"https:\/\/agora.xtec.cat\/escsantesteve\/portada\/preinscripcio-2026-2027\/\" title=\"Read Preinscripci\u00f3 2026-2027\">Llegeix m\u00e9s\u00bb<\/a><br \/>\n","protected":false},"author":1,"featured_media":0,"comment_status":"closed","ping_status":"closed","sticky":false,"template":"","format":"standard","meta":{"_bbp_topic_count":0,"_bbp_reply_count":0,"_bbp_total_topic_count":0,"_bbp_total_reply_count":0,"_bbp_voice_count":0,"_bbp_anonymous_reply_count":0,"_bbp_topic_count_hidden":0,"_bbp_reply_count_hidden":0,"_bbp_forum_subforum_count":0,"footnotes":""},"categories":[4],"tags":[],"class_list":["post-2092","post","type-post","status-publish","format-standard","hentry","category-portada"],"post_mailing_queue_ids":[],"_links":{"self":[{"href":"https:\/\/agora.xtec.cat\/escsantesteve\/wp-json\/wp\/v2\/posts\/2092","targetHints":{"allow":["GET"]}}],"collection":[{"href":"https:\/\/agora.xtec.cat\/escsantesteve\/wp-json\/wp\/v2\/posts"}],"about":[{"href":"https:\/\/agora.xtec.cat\/escsantesteve\/wp-json\/wp\/v2\/types\/post"}],"author":[{"embeddable":true,"href":"https:\/\/agora.xtec.cat\/escsantesteve\/wp-json\/wp\/v2\/users\/1"}],"replies":[{"embeddable":true,"href":"https:\/\/agora.xtec.cat\/escsantesteve\/wp-json\/wp\/v2\/comments?post=2092"}],"version-history":[{"count":6,"href":"https:\/\/agora.xtec.cat\/escsantesteve\/wp-json\/wp\/v2\/posts\/2092\/revisions"}],"predecessor-version":[{"id":2119,"href":"https:\/\/agora.xtec.cat\/escsantesteve\/wp-json\/wp\/v2\/posts\/2092\/revisions\/2119"}],"wp:attachment":[{"href":"https:\/\/agora.xtec.cat\/escsantesteve\/wp-json\/wp\/v2\/media?parent=2092"}],"wp:term":[{"taxonomy":"category","embeddable":true,"href":"https:\/\/agora.xtec.cat\/escsantesteve\/wp-json\/wp\/v2\/categories?post=2092"},{"taxonomy":"post_tag","embeddable":true,"href":"https:\/\/agora.xtec.cat\/escsantesteve\/wp-json\/wp\/v2\/tags?post=2092"}],"curies":[{"name":"wp","href":"https:\/\/api.w.org\/{rel}","templated":true}]}}