{"id":13838,"date":"2021-12-19T22:49:58","date_gmt":"2021-12-19T21:49:58","guid":{"rendered":"https:\/\/agora.xtec.cat\/escsantamaria\/?p=13838"},"modified":"2021-12-19T22:50:25","modified_gmt":"2021-12-19T21:50:25","slug":"festival-de-nadal-2021-educacio-primaria","status":"publish","type":"post","link":"https:\/\/agora.xtec.cat\/escsantamaria\/general\/festival-de-nadal-2021-educacio-primaria\/","title":{"rendered":"Festival de Nadal 2021 (Educaci\u00f3 Prim\u00e0ria)"},"content":{"rendered":"<p>Benvolgudes fam\u00edlies,<\/p>\n<p style=\"text-align: justify;\">El passat 17 de desembre els alumnes de Prim\u00e0ria van celebrar al TAS (Teatre Auditori de Salou) el Festival de Nadal 2021.<\/p>\n<p style=\"text-align: justify;\">Com ja sabeu, aquest festival ha estat una mica diferent al d\u2019altres cursos. I \u00e9s que les fam\u00edlies no han pogut acompanyar-nos en aquest dia tan especial, a causa de la pand\u00e8mia. Tot i aix\u00f2, hem enregistrat totes les actuacions per tal que pugueu gaudir des de casa de les fant\u00e0stiques nadales cantades pels nens i nenes d&#8217;Educaci\u00f3 Prim\u00e0ria de la nostra escola. Tant de bo el curs vinent tornem a celebrar-ho tots junts!<\/p>\n<p style=\"text-align: justify;\">Per tal de garantir les mesures sanit\u00e0ries, aquest curs nom\u00e9s han participat els alumnes de Prim\u00e0ria i ho han fet en dos torns, per tal de poder garantir una \u00e0mplia separaci\u00f3 entre grups estables. Per aquest motiu, en aquest article trobareu dos v\u00eddeos: 1r torn i 2n torn.<\/p>\n<p style=\"text-align: justify;\">Esperem que us agradin!<\/p>\n<p>&nbsp;<\/p>\n<p style=\"text-align: justify;\"><strong>1r TORN: Grups A de 1r a 6\u00e8 de Prim\u00e0ria<\/strong><\/p>\n<div class=\"ast-oembed-container \" style=\"height: 100%;\"><iframe loading=\"lazy\" title=\"Festival de Nadal 2021 - 1r torn Educaci\u00f3 Prim\u00e0ria\" width=\"500\" height=\"281\" src=\"https:\/\/www.youtube.com\/embed\/lPBrE0vmAm8?feature=oembed\" frameborder=\"0\" allow=\"accelerometer; autoplay; clipboard-write; encrypted-media; gyroscope; picture-in-picture; web-share\" referrerpolicy=\"strict-origin-when-cross-origin\" allowfullscreen><\/iframe><\/div>\n<p>&nbsp;<\/p>\n<p style=\"text-align: justify;\"><strong>2n TORN: Grups B de 1r a 6\u00e8 de Prim\u00e0ria i 4t C<\/strong><\/p>\n<div class=\"ast-oembed-container \" style=\"height: 100%;\"><iframe loading=\"lazy\" title=\"Festival 2021 - 2n torn (E. Prim\u00e0ria)\" width=\"500\" height=\"281\" src=\"https:\/\/www.youtube.com\/embed\/hEhPWsdV40Q?feature=oembed\" frameborder=\"0\" allow=\"accelerometer; autoplay; clipboard-write; encrypted-media; gyroscope; picture-in-picture; web-share\" referrerpolicy=\"strict-origin-when-cross-origin\" allowfullscreen><\/iframe><\/div>\n<p>&nbsp;<\/p>\n<p style=\"text-align: justify;\">En els propers dies publicarem nous articles, en els quals trobareu totes les actuacions &#8220;virtuals&#8221; que es van projectar a la pantalla del TAS, aix\u00ed com les actuacions dels alumnes d&#8217;Educaci\u00f3 Infantil.<\/p>\n<p style=\"text-align: justify;\">BON NADAL I FELI\u00c7 2022!<\/p>\n","protected":false},"excerpt":{"rendered":"<p>El passat 17 de desembre els alumnes de Prim\u00e0ria van celebrar al TAS (Teatre Auditori de Salou) el Festival de Nadal 2021. <\/p>\n","protected":false},"author":3,"featured_media":13843,"comment_status":"closed","ping_status":"closed","sticky":false,"template":"","format":"standard","meta":{"_bbp_topic_count":0,"_bbp_reply_count":0,"_bbp_total_topic_count":0,"_bbp_total_reply_count":0,"_bbp_voice_count":0,"_bbp_anonymous_reply_count":0,"_bbp_topic_count_hidden":0,"_bbp_reply_count_hidden":0,"_bbp_forum_subforum_count":0,"site-sidebar-layout":"default","site-content-layout":"","ast-site-content-layout":"","site-content-style":"default","site-sidebar-style":"default","ast-global-header-display":"","ast-banner-title-visibility":"","ast-main-header-display":"","ast-hfb-above-header-display":"","ast-hfb-below-header-display":"","ast-hfb-mobile-header-display":"","site-post-title":"","ast-breadcrumbs-content":"","ast-featured-img":"","footer-sml-layout":"","theme-transparent-header-meta":"","adv-header-id-meta":"","stick-header-meta":"","header-above-stick-meta":"","header-main-stick-meta":"","header-below-stick-meta":"","astra-migrate-meta-layouts":"default","ast-page-background-enabled":"default","ast-page-background-meta":{"desktop":{"background-color":"var(--ast-global-color-4)","background-image":"","background-repeat":"repeat","background-position":"center center","background-size":"auto","background-attachment":"scroll","background-type":"","background-media":"","overlay-type":"","overlay-color":"","overlay-opacity":"","overlay-gradient":""},"tablet":{"background-color":"","background-image":"","background-repeat":"repeat","background-position":"center center","background-size":"auto","background-attachment":"scroll","background-type":"","background-media":"","overlay-type":"","overlay-color":"","overlay-opacity":"","overlay-gradient":""},"mobile":{"background-color":"","background-image":"","background-repeat":"repeat","background-position":"center center","background-size":"auto","background-attachment":"scroll","background-type":"","background-media":"","overlay-type":"","overlay-color":"","overlay-opacity":"","overlay-gradient":""}},"ast-content-background-meta":{"desktop":{"background-color":"var(--ast-global-color-5)","background-image":"","background-repeat":"repeat","background-position":"center center","background-size":"auto","background-attachment":"scroll","background-type":"","background-media":"","overlay-type":"","overlay-color":"","overlay-opacity":"","overlay-gradient":""},"tablet":{"background-color":"var(--ast-global-color-5)","background-image":"","background-repeat":"repeat","background-position":"center center","background-size":"auto","background-attachment":"scroll","background-type":"","background-media":"","overlay-type":"","overlay-color":"","overlay-opacity":"","overlay-gradient":""},"mobile":{"background-color":"var(--ast-global-color-5)","background-image":"","background-repeat":"repeat","background-position":"center center","background-size":"auto","background-attachment":"scroll","background-type":"","background-media":"","overlay-type":"","overlay-color":"","overlay-opacity":"","overlay-gradient":""}},"footnotes":""},"categories":[10,11,12,13,14,15,1,2,4,5],"tags":[84,205,54,81],"class_list":["post-13838","post","type-post","status-publish","format-standard","has-post-thumbnail","hentry","category-1r","category-2n","category-3r","category-4t","category-5e","category-6e","category-general","category-infantil","category-portada","category-primaria","tag-coral","tag-festival-de-nadal","tag-musica","tag-nadal"],"post_mailing_queue_ids":[],"_links":{"self":[{"href":"https:\/\/agora.xtec.cat\/escsantamaria\/wp-json\/wp\/v2\/posts\/13838","targetHints":{"allow":["GET"]}}],"collection":[{"href":"https:\/\/agora.xtec.cat\/escsantamaria\/wp-json\/wp\/v2\/posts"}],"about":[{"href":"https:\/\/agora.xtec.cat\/escsantamaria\/wp-json\/wp\/v2\/types\/post"}],"author":[{"embeddable":true,"href":"https:\/\/agora.xtec.cat\/escsantamaria\/wp-json\/wp\/v2\/users\/3"}],"replies":[{"embeddable":true,"href":"https:\/\/agora.xtec.cat\/escsantamaria\/wp-json\/wp\/v2\/comments?post=13838"}],"version-history":[{"count":3,"href":"https:\/\/agora.xtec.cat\/escsantamaria\/wp-json\/wp\/v2\/posts\/13838\/revisions"}],"predecessor-version":[{"id":13845,"href":"https:\/\/agora.xtec.cat\/escsantamaria\/wp-json\/wp\/v2\/posts\/13838\/revisions\/13845"}],"wp:featuredmedia":[{"embeddable":true,"href":"https:\/\/agora.xtec.cat\/escsantamaria\/wp-json\/wp\/v2\/media\/13843"}],"wp:attachment":[{"href":"https:\/\/agora.xtec.cat\/escsantamaria\/wp-json\/wp\/v2\/media?parent=13838"}],"wp:term":[{"taxonomy":"category","embeddable":true,"href":"https:\/\/agora.xtec.cat\/escsantamaria\/wp-json\/wp\/v2\/categories?post=13838"},{"taxonomy":"post_tag","embeddable":true,"href":"https:\/\/agora.xtec.cat\/escsantamaria\/wp-json\/wp\/v2\/tags?post=13838"}],"curies":[{"name":"wp","href":"https:\/\/api.w.org\/{rel}","templated":true}]}}