{"id":275,"count":8,"description":"<header class=\"entry-header\">\r\n<h1 class=\"entry-title\" style=\"text-align: justify;\">Certamen de Lectura en Veu Alta<\/h1>\r\n<\/header>\r\n<div class=\"entry-content\">\r\n<p style=\"text-align: justify;\">La Fundaci\u00f3 Enciclop\u00e8dia Catalana i el Departament d\u2019Ensenyament de la Generalitat de Catalunya, en el marc del \u00a0<strong><a href=\"http:\/\/www20.gencat.cat\/portal\/site\/ensenyament\/menuitem.75e1c94eb5dd9e184ed22010b0c0e1a0\/?vgnextoid=88c5b5bb8fee3310VgnVCM1000008d0c1e0aRCRD\" target=\"_blank\" rel=\"noopener noreferrer\">Pla Nacional de Lectura<\/a><\/strong>,\u00a0han arribat a un acord de col\u00b7laboraci\u00f3 per a l\u2019organitzaci\u00f3 del Certamen Nacional Infantil i Juvenil de Lectura en Veu Alta.\u00a0Aquest acord neix de l\u2019inter\u00e8s d\u2019ambdues entitats per la promoci\u00f3 de la lectura.<\/p>\r\n<p style=\"text-align: justify;\">Les categories de Grumets Vermells (3r i 4t) i Grumets Verds (5\u00e8 i 6\u00e8) compten cada any amb representaci\u00f3 d\u2019alumnes del nostre centre.<\/p>\r\n<p style=\"text-align: justify;\">Podeu trobar m\u00e9s informaci\u00f3 sobre el XIII Certamen Nacional Infantil i Juvenil de Lectura en Veu Alta a la web:<\/p>\r\n<a href=\"http:\/\/www.lecturaenveualta.cat\/\"><img class=\"aligncenter wp-image-11135\" src=\"https:\/\/agora.xtec.cat\/escsantamaria\/wp-content\/uploads\/usu1256\/2019\/07\/Certamen-Lectura-Veu-Alta-2018-1024x1009.jpg\" sizes=\"(max-width: 432px) 100vw, 432px\" srcset=\"https:\/\/agora.xtec.cat\/escsantamaria\/wp-content\/uploads\/usu1256\/2019\/07\/Certamen-Lectura-Veu-Alta-2018-1024x1009.jpg 1024w, https:\/\/agora.xtec.cat\/escsantamaria\/wp-content\/uploads\/usu1256\/2019\/07\/Certamen-Lectura-Veu-Alta-2018-300x296.jpg 300w, https:\/\/agora.xtec.cat\/escsantamaria\/wp-content\/uploads\/usu1256\/2019\/07\/Certamen-Lectura-Veu-Alta-2018-768x757.jpg 768w, https:\/\/agora.xtec.cat\/escsantamaria\/wp-content\/uploads\/usu1256\/2019\/07\/Certamen-Lectura-Veu-Alta-2018.jpg 1200w\" alt=\"\" width=\"432\" height=\"426\" \/><\/a>\r\n\r\n<a href=\"http:\/\/www.lecturaenveualta.cat\/\">http:\/\/www.lecturaenveualta.cat\/<\/a>\r\n\r\n<\/div>","link":"https:\/\/agora.xtec.cat\/escsantamaria\/categoria\/jornadesiconcursos\/lecturaenveualta\/","name":"Certamen de Lectura en Veu Alta","slug":"lecturaenveualta","taxonomy":"category","parent":272,"meta":[],"_links":{"self":[{"href":"https:\/\/agora.xtec.cat\/escsantamaria\/wp-json\/wp\/v2\/categories\/275","targetHints":{"allow":["GET"]}}],"collection":[{"href":"https:\/\/agora.xtec.cat\/escsantamaria\/wp-json\/wp\/v2\/categories"}],"about":[{"href":"https:\/\/agora.xtec.cat\/escsantamaria\/wp-json\/wp\/v2\/taxonomies\/category"}],"up":[{"embeddable":true,"href":"https:\/\/agora.xtec.cat\/escsantamaria\/wp-json\/wp\/v2\/categories\/272"}],"wp:post_type":[{"href":"https:\/\/agora.xtec.cat\/escsantamaria\/wp-json\/wp\/v2\/posts?categories=275"}],"curies":[{"name":"wp","href":"https:\/\/api.w.org\/{rel}","templated":true}]}}