{"id":4102,"date":"2021-11-19T15:49:09","date_gmt":"2021-11-19T14:49:09","guid":{"rendered":"https:\/\/agora.xtec.cat\/escsantacolomager\/?p=4102"},"modified":"2021-11-19T21:14:03","modified_gmt":"2021-11-19T20:14:03","slug":"entrevistem-a-una-experta-en-pizzes-la-marta-de-cicle-inicial","status":"publish","type":"post","link":"https:\/\/agora.xtec.cat\/escsantacolomager\/general\/entrevistem-a-una-experta-en-pizzes-la-marta-de-cicle-inicial\/","title":{"rendered":"Entrevistem a una experta en&#8230; PIZZES!"},"content":{"rendered":"<p>Portem dies i dies investigant sobre les pizzes: com es fan, amb qu\u00e8 es fan, a on es fan&#8230;<\/p>\n<p>Pensant, pensant, hem decidit buscar alg\u00fa que sab\u00e9s molt sobre les pizzes, \u00e9s a dir, una EXPERTA en el tema. Hem tingut sort: <strong>la Marta de Cicle Inicial treballa en una pizzeria!!!<\/strong><\/p>\n<p>Primer de tot hem trobat com fer una entrevista: quins elements t\u00e9 i qu\u00e8 necessitem. Aix\u00ed doncs hem fet un micro, hem buscat la manera de com pregunt\u00e0vem els dubtes&#8230;<\/p>\n<p>El dijous 18 de novembre per fi, ha arribat el dia de l&#8217;entrevista. Voleu saber com ha anat?<\/p>\n<p>Us deixem enlla\u00e7at el v\u00eddeo (en tres parts) de l&#8217;entrevista sencera, al nostre canal de TV: GIM TV!<\/p>\n<p>&nbsp;<\/p>\n<p><iframe loading=\"lazy\" title=\"YouTube video player\" src=\"https:\/\/www.youtube.com\/embed\/1NghrQlIm4c\" width=\"560\" height=\"315\" frameborder=\"0\" allowfullscreen=\"allowfullscreen\"><\/iframe><\/p>\n<p><iframe loading=\"lazy\" title=\"YouTube video player\" src=\"https:\/\/www.youtube.com\/embed\/fwxjQyhIlfE\" width=\"560\" height=\"315\" frameborder=\"0\" allowfullscreen=\"allowfullscreen\"><\/iframe><\/p>\n<p><iframe loading=\"lazy\" title=\"YouTube video player\" src=\"https:\/\/www.youtube.com\/embed\/-7zsOjGrlFU\" width=\"560\" height=\"315\" frameborder=\"0\" allowfullscreen=\"allowfullscreen\"><\/iframe><\/p>\n","protected":false},"excerpt":{"rendered":"<p>A Educacio Infantil necessitem resoldre alguns dubtes sobre les pizzes, \u00e9s per aix\u00f2 que hem entrevistat a una experta en el tema.&hellip;  <a href=\"https:\/\/agora.xtec.cat\/escsantacolomager\/general\/entrevistem-a-una-experta-en-pizzes-la-marta-de-cicle-inicial\/\" title=\"Read Entrevistem a una experta en&#8230; PIZZES!\">Llegeix m\u00e9s\u00bb<\/a><\/p>\n","protected":false},"author":37,"featured_media":4110,"comment_status":"open","ping_status":"closed","sticky":false,"template":"","format":"standard","meta":{"_bbp_topic_count":0,"_bbp_reply_count":0,"_bbp_total_topic_count":0,"_bbp_total_reply_count":0,"_bbp_voice_count":0,"_bbp_anonymous_reply_count":0,"_bbp_topic_count_hidden":0,"_bbp_reply_count_hidden":0,"_bbp_forum_subforum_count":0,"footnotes":""},"categories":[1,2],"tags":[],"class_list":["post-4102","post","type-post","status-publish","format-standard","has-post-thumbnail","hentry","category-general","category-infantil"],"post_mailing_queue_ids":[],"_links":{"self":[{"href":"https:\/\/agora.xtec.cat\/escsantacolomager\/wp-json\/wp\/v2\/posts\/4102","targetHints":{"allow":["GET"]}}],"collection":[{"href":"https:\/\/agora.xtec.cat\/escsantacolomager\/wp-json\/wp\/v2\/posts"}],"about":[{"href":"https:\/\/agora.xtec.cat\/escsantacolomager\/wp-json\/wp\/v2\/types\/post"}],"author":[{"embeddable":true,"href":"https:\/\/agora.xtec.cat\/escsantacolomager\/wp-json\/wp\/v2\/users\/37"}],"replies":[{"embeddable":true,"href":"https:\/\/agora.xtec.cat\/escsantacolomager\/wp-json\/wp\/v2\/comments?post=4102"}],"version-history":[{"count":3,"href":"https:\/\/agora.xtec.cat\/escsantacolomager\/wp-json\/wp\/v2\/posts\/4102\/revisions"}],"predecessor-version":[{"id":4108,"href":"https:\/\/agora.xtec.cat\/escsantacolomager\/wp-json\/wp\/v2\/posts\/4102\/revisions\/4108"}],"wp:featuredmedia":[{"embeddable":true,"href":"https:\/\/agora.xtec.cat\/escsantacolomager\/wp-json\/wp\/v2\/media\/4110"}],"wp:attachment":[{"href":"https:\/\/agora.xtec.cat\/escsantacolomager\/wp-json\/wp\/v2\/media?parent=4102"}],"wp:term":[{"taxonomy":"category","embeddable":true,"href":"https:\/\/agora.xtec.cat\/escsantacolomager\/wp-json\/wp\/v2\/categories?post=4102"},{"taxonomy":"post_tag","embeddable":true,"href":"https:\/\/agora.xtec.cat\/escsantacolomager\/wp-json\/wp\/v2\/tags?post=4102"}],"curies":[{"name":"wp","href":"https:\/\/api.w.org\/{rel}","templated":true}]}}