{"id":18,"date":"2014-09-18T11:58:18","date_gmt":"2014-09-18T11:58:18","guid":{"rendered":"http:\/\/agora.xtec.cat\/escsalvat-scg\/?p=18"},"modified":"2024-05-14T11:07:03","modified_gmt":"2024-05-14T09:07:03","slug":"noticia-2","status":"publish","type":"post","link":"https:\/\/agora.xtec.cat\/escsalvat-scg\/afa\/noticia-2\/","title":{"rendered":"Informaci\u00f3 de l&#8217;AFA"},"content":{"rendered":"<p class=\"font_8 wixui-rich-text__text\"><span class=\"wixui-rich-text__text\">L\u2019Associaci\u00f3 de Mares i Pares \u00e9s la forma m\u00e9s efica\u00e7 que tenen els pares i mares d\u2019organitzar-se dins del centre escolar.<\/span><\/p>\n<p class=\"font_8 wixui-rich-text__text\"><span class=\"wixui-rich-text__text\">Les\u00a0funcions\u00a0principals d\u2019una Associaci\u00f3 de Mares i Pares d\u2019Alumnes (AMPA) s\u00f3n:<\/span><\/p>\n<ol class=\"font_8 wixui-rich-text__text\">\n<li class=\"wixui-rich-text__text\">\n<p class=\"font_8 wixui-rich-text__text\"><span class=\"wixui-rich-text__text\">Afavorir la relaci\u00f3 i coordinaci\u00f3 entre les fam\u00edlies i el personal docent.<\/span><\/p>\n<\/li>\n<li class=\"wixui-rich-text__text\">\n<p class=\"font_8 wixui-rich-text__text\"><span class=\"wixui-rich-text__text\">Ser la veu dels pares i mares davant de les administracions p\u00fabliques.<\/span><\/p>\n<\/li>\n<li class=\"wixui-rich-text__text\">\n<p class=\"font_8 wixui-rich-text__text\"><span class=\"wixui-rich-text__text\">Treballar per millorar la participaci\u00f3 i el comprom\u00eds dels pares, fills i de la societat en general i de l\u2019educativa en particular.<\/span><\/p>\n<\/li>\n<li class=\"wixui-rich-text__text\">\n<p class=\"font_8 wixui-rich-text__text\"><span class=\"wixui-rich-text__text\">Informar i orientar al pares sobre el funcionament del centre i de temes relacionats amb el menjador escolar, l\u2019adquisici\u00f3 de llibres de text, les activitats extraescolars\u2026<\/span><\/p>\n<\/li>\n<li class=\"wixui-rich-text__text\">\n<p class=\"font_8 wixui-rich-text__text\"><span class=\"wixui-rich-text__text\">Organitzar les activitats extraescolars i el servei de\u00a0perman\u00e8ncies\u00a0fora de l\u2019horari escolar.<\/span><\/p>\n<\/li>\n<li class=\"wixui-rich-text__text\">\n<p class=\"font_8 wixui-rich-text__text\"><span class=\"wixui-rich-text__text\">Organitzar activitats socio-culturals (festes, concerts\u2026) que afavoreixin l\u2019educaci\u00f3 dels nostres infants i facilitin el coneixement i la relaci\u00f3 entre les fam\u00edlies.<\/span><\/p>\n<\/li>\n<\/ol>\n<h3 class=\"font_3 wixui-rich-text__text\"><\/h3>\n<h3 class=\"font_3 wixui-rich-text__text\"><span class=\"wixGuard wixui-rich-text__text\">\u200b<\/span><\/h3>\n<p class=\"font_8 wixui-rich-text__text\"><span class=\"wixui-rich-text__text\">Adre\u00e7a electr\u00f2nica:\u00a0<a class=\"wixui-rich-text__text\" href=\"mailto:ampasalvatpapasseit@hotmail.com\" data-auto-recognition=\"true\">ampasalvatpapasseit<span class=\"atwho-query\">@hotmail.com<\/span><\/a><\/span><\/p>\n","protected":false},"excerpt":{"rendered":"<p>L\u2019Associaci\u00f3 de Mares i Pares \u00e9s la forma m\u00e9s efica\u00e7 que tenen els pares i mares d\u2019organitzar-se dins del centre [&hellip;]<\/p>\n","protected":false},"author":1,"featured_media":0,"comment_status":"open","ping_status":"closed","sticky":false,"template":"","format":"standard","meta":{"site-sidebar-layout":"default","site-content-layout":"","ast-site-content-layout":"","site-content-style":"default","site-sidebar-style":"default","ast-global-header-display":"","ast-banner-title-visibility":"","ast-main-header-display":"","ast-hfb-above-header-display":"","ast-hfb-below-header-display":"","ast-hfb-mobile-header-display":"","site-post-title":"","ast-breadcrumbs-content":"","ast-featured-img":"","footer-sml-layout":"","theme-transparent-header-meta":"","adv-header-id-meta":"","stick-header-meta":"","header-above-stick-meta":"","header-main-stick-meta":"","header-below-stick-meta":"","astra-migrate-meta-layouts":"default","ast-page-background-enabled":"default","ast-page-background-meta":{"desktop":{"background-color":"var(--ast-global-color-4)","background-image":"","background-repeat":"repeat","background-position":"center center","background-size":"auto","background-attachment":"scroll","background-type":"","background-media":"","overlay-type":"","overlay-color":"","overlay-opacity":"","overlay-gradient":""},"tablet":{"background-color":"","background-image":"","background-repeat":"repeat","background-position":"center center","background-size":"auto","background-attachment":"scroll","background-type":"","background-media":"","overlay-type":"","overlay-color":"","overlay-opacity":"","overlay-gradient":""},"mobile":{"background-color":"","background-image":"","background-repeat":"repeat","background-position":"center center","background-size":"auto","background-attachment":"scroll","background-type":"","background-media":"","overlay-type":"","overlay-color":"","overlay-opacity":"","overlay-gradient":""}},"ast-content-background-meta":{"desktop":{"background-color":"var(--ast-global-color-5)","background-image":"","background-repeat":"repeat","background-position":"center center","background-size":"auto","background-attachment":"scroll","background-type":"","background-media":"","overlay-type":"","overlay-color":"","overlay-opacity":"","overlay-gradient":""},"tablet":{"background-color":"var(--ast-global-color-5)","background-image":"","background-repeat":"repeat","background-position":"center center","background-size":"auto","background-attachment":"scroll","background-type":"","background-media":"","overlay-type":"","overlay-color":"","overlay-opacity":"","overlay-gradient":""},"mobile":{"background-color":"var(--ast-global-color-5)","background-image":"","background-repeat":"repeat","background-position":"center center","background-size":"auto","background-attachment":"scroll","background-type":"","background-media":"","overlay-type":"","overlay-color":"","overlay-opacity":"","overlay-gradient":""}},"footnotes":""},"categories":[7],"tags":[17,18],"class_list":["post-18","post","type-post","status-publish","format-standard","hentry","category-afa","tag-plastica","tag-psicomotricitat"],"post_mailing_queue_ids":[],"_links":{"self":[{"href":"https:\/\/agora.xtec.cat\/escsalvat-scg\/wp-json\/wp\/v2\/posts\/18","targetHints":{"allow":["GET"]}}],"collection":[{"href":"https:\/\/agora.xtec.cat\/escsalvat-scg\/wp-json\/wp\/v2\/posts"}],"about":[{"href":"https:\/\/agora.xtec.cat\/escsalvat-scg\/wp-json\/wp\/v2\/types\/post"}],"author":[{"embeddable":true,"href":"https:\/\/agora.xtec.cat\/escsalvat-scg\/wp-json\/wp\/v2\/users\/1"}],"replies":[{"embeddable":true,"href":"https:\/\/agora.xtec.cat\/escsalvat-scg\/wp-json\/wp\/v2\/comments?post=18"}],"version-history":[{"count":2,"href":"https:\/\/agora.xtec.cat\/escsalvat-scg\/wp-json\/wp\/v2\/posts\/18\/revisions"}],"predecessor-version":[{"id":672,"href":"https:\/\/agora.xtec.cat\/escsalvat-scg\/wp-json\/wp\/v2\/posts\/18\/revisions\/672"}],"wp:attachment":[{"href":"https:\/\/agora.xtec.cat\/escsalvat-scg\/wp-json\/wp\/v2\/media?parent=18"}],"wp:term":[{"taxonomy":"category","embeddable":true,"href":"https:\/\/agora.xtec.cat\/escsalvat-scg\/wp-json\/wp\/v2\/categories?post=18"},{"taxonomy":"post_tag","embeddable":true,"href":"https:\/\/agora.xtec.cat\/escsalvat-scg\/wp-json\/wp\/v2\/tags?post=18"}],"curies":[{"name":"wp","href":"https:\/\/api.w.org\/{rel}","templated":true}]}}