{"id":3440,"date":"2019-03-28T15:15:27","date_gmt":"2019-03-28T14:15:27","guid":{"rendered":"http:\/\/agora.xtec.cat\/escsalvadorespriuvallfogona\/?p=3440"},"modified":"2019-03-28T15:15:27","modified_gmt":"2019-03-28T14:15:27","slug":"trobada-esportiva-cicle-mitja","status":"publish","type":"post","link":"https:\/\/agora.xtec.cat\/escsalvadorespriuvallfogona\/portada\/trobada-esportiva-cicle-mitja\/","title":{"rendered":"Trobada esportiva cicle mitj\u00e0"},"content":{"rendered":"<p>Prop de 300 alumnes de cicle mitj\u00e0\u00a0( 3r i 4t de primaria ) d\u2019una desena d\u2019escoles de la comarca han participat a la Trobada Esportiva el passat dijous a Balaguer, amb jocs tradicionals. Concretament hi van anar el 21\/3\/2019.<\/p>\n<p>Van jugar als jocs :<\/p>\n<ul>\n<li>Xapes<\/li>\n<li>Patacons<\/li>\n<li>Oh my god !<\/li>\n<li>Cementiri<\/li>\n<li>Tira-soga<\/li>\n<li>Saltar<\/li>\n<li>El rellotge<\/li>\n<li>Bitlles catalanes<\/li>\n<li>Petanca<\/li>\n<li>Cadena<\/li>\n<li>Cara i creu<\/li>\n<li>3 en ratlla<\/li>\n<li>Pedra, paper o tisora<\/li>\n<\/ul>\n<p>Hi van anar les escoles :<\/p>\n<ul>\n<li>Ivars de N.<\/li>\n<li>Algerri<\/li>\n<li>Castell\u00f3<\/li>\n<li>Albesa<\/li>\n<li>Balaguer ( 7 escoles )<\/li>\n<li>El Palau<\/li>\n<li>Bellcaire<\/li>\n<li>La R\u00e0pita<\/li>\n<li>\u00a0Vilanova de M<\/li>\n<li>Cubells<\/li>\n<li>Montgai La Sentiu<\/li>\n<li>Camarasa<\/li>\n<li>Vilanova B<\/li>\n<li>Torrelameu<\/li>\n<li>Men\u00e0rguens<\/li>\n<li>Vallfogona<\/li>\n<li>\u00c0ger<\/li>\n<li>Tartareu<\/li>\n<li>Avellanes<\/li>\n<li>\u00d2s de B<\/li>\n<li>Gerb<\/li>\n<\/ul>\n<p>&nbsp;<\/p>\n<p>Ho van organitzar els mestres d&#8217;educaci\u00f3 f\u00edsica dels centres que i van anar. En el nostre cas la Sara Or\u00f3\u00a0 feia la activitat els jocs de corda : tira-soga , saltar i el rellotge.<\/p>\n<p>\u00c9s el 2n any que s&#8217;organitza i ho fan per estar amb gent diferent, per exemple hi ha escoles que son 20 persones aprox i no poden fer tantes activitats col\u00b7lectives.<\/p>\n<p>Ho ha patrocinat el Consell Comarcal de la Noguera.<\/p>\n<p>Gr\u00e0cies Consell Comarcal i mestres d&#8217;EF per aquest dia inoblidable !!!<\/p>\n<p>&nbsp;<\/p>\n<p><a href=\"https:\/\/agora.xtec.cat\/escsalvadorespriuvallfogona\/wp-content\/uploads\/usu1472\/2019\/03\/IMG_0818-si.jpg\"><img loading=\"lazy\" decoding=\"async\" class=\"alignleft size-full wp-image-3473\" src=\"https:\/\/agora.xtec.cat\/escsalvadorespriuvallfogona\/wp-content\/uploads\/usu1472\/2019\/03\/IMG_0818-si.jpg\" alt=\"\" width=\"147\" height=\"147\" \/><\/a><a href=\"https:\/\/agora.xtec.cat\/escsalvadorespriuvallfogona\/wp-content\/uploads\/usu1472\/2019\/03\/IMG_0838-si.jpg\"><img loading=\"lazy\" decoding=\"async\" class=\"alignleft size-full wp-image-3474\" src=\"https:\/\/agora.xtec.cat\/escsalvadorespriuvallfogona\/wp-content\/uploads\/usu1472\/2019\/03\/IMG_0838-si.jpg\" alt=\"\" width=\"196\" height=\"147\" \/><\/a><a href=\"https:\/\/agora.xtec.cat\/escsalvadorespriuvallfogona\/wp-content\/uploads\/usu1472\/2019\/03\/IMG_0843-si.jpg\"><img loading=\"lazy\" decoding=\"async\" class=\"alignleft size-full wp-image-3475\" src=\"https:\/\/agora.xtec.cat\/escsalvadorespriuvallfogona\/wp-content\/uploads\/usu1472\/2019\/03\/IMG_0843-si.jpg\" alt=\"\" width=\"196\" height=\"147\" \/><\/a><a href=\"https:\/\/agora.xtec.cat\/escsalvadorespriuvallfogona\/wp-content\/uploads\/usu1472\/2019\/03\/IMG_0844-si.jpg\"><img loading=\"lazy\" decoding=\"async\" class=\"alignleft size-full wp-image-3476\" src=\"https:\/\/agora.xtec.cat\/escsalvadorespriuvallfogona\/wp-content\/uploads\/usu1472\/2019\/03\/IMG_0844-si.jpg\" alt=\"\" width=\"196\" height=\"147\" \/><\/a><a href=\"https:\/\/agora.xtec.cat\/escsalvadorespriuvallfogona\/wp-content\/uploads\/usu1472\/2019\/03\/IMG_0852-si.jpg\"><img loading=\"lazy\" decoding=\"async\" class=\"alignleft size-full wp-image-3477\" src=\"https:\/\/agora.xtec.cat\/escsalvadorespriuvallfogona\/wp-content\/uploads\/usu1472\/2019\/03\/IMG_0852-si.jpg\" alt=\"\" width=\"196\" height=\"147\" \/><\/a><a href=\"https:\/\/agora.xtec.cat\/escsalvadorespriuvallfogona\/wp-content\/uploads\/usu1472\/2019\/03\/IMG_0854-si.jpg\"><img loading=\"lazy\" decoding=\"async\" class=\"alignleft size-full wp-image-3478\" src=\"https:\/\/agora.xtec.cat\/escsalvadorespriuvallfogona\/wp-content\/uploads\/usu1472\/2019\/03\/IMG_0854-si.jpg\" alt=\"\" width=\"196\" height=\"147\" \/><\/a><a href=\"https:\/\/agora.xtec.cat\/escsalvadorespriuvallfogona\/wp-content\/uploads\/usu1472\/2019\/03\/IMG_0858-si.jpg\"><img loading=\"lazy\" decoding=\"async\" class=\"alignleft size-full wp-image-3479\" src=\"https:\/\/agora.xtec.cat\/escsalvadorespriuvallfogona\/wp-content\/uploads\/usu1472\/2019\/03\/IMG_0858-si.jpg\" alt=\"\" width=\"196\" height=\"147\" \/><\/a><a href=\"https:\/\/agora.xtec.cat\/escsalvadorespriuvallfogona\/wp-content\/uploads\/usu1472\/2019\/03\/IMG_0866-si.jpg\"><img loading=\"lazy\" decoding=\"async\" class=\"alignleft size-full wp-image-3480\" src=\"https:\/\/agora.xtec.cat\/escsalvadorespriuvallfogona\/wp-content\/uploads\/usu1472\/2019\/03\/IMG_0866-si.jpg\" alt=\"\" width=\"196\" height=\"147\" \/><\/a><\/p>\n<p>&nbsp;<\/p>\n<p>&nbsp;<\/p>\n","protected":false},"excerpt":{"rendered":"<p>Prop de 300 alumnes de cicle mitj\u00e0\u00a0( 3r i 4t de primaria ) d\u2019una desena d\u2019escoles de la comarca han participat a la Trobada Esportiva el passat dijous a Balaguer, amb jocs tradicionals. Concretament hi van anar el 21\/3\/2019. Van jugar als jocs : Xapes Patacons Oh my god ! Cementiri Tira-soga Saltar El rellotge [&hellip;]<\/p>\n","protected":false},"author":34,"featured_media":3480,"comment_status":"open","ping_status":"closed","sticky":false,"template":"","format":"standard","meta":{"_bbp_topic_count":0,"_bbp_reply_count":0,"_bbp_total_topic_count":0,"_bbp_total_reply_count":0,"_bbp_voice_count":0,"_bbp_anonymous_reply_count":0,"_bbp_topic_count_hidden":0,"_bbp_reply_count_hidden":0,"_bbp_forum_subforum_count":0,"site-sidebar-layout":"default","site-content-layout":"","ast-site-content-layout":"","site-content-style":"default","site-sidebar-style":"default","ast-global-header-display":"","ast-banner-title-visibility":"","ast-main-header-display":"","ast-hfb-above-header-display":"","ast-hfb-below-header-display":"","ast-hfb-mobile-header-display":"","site-post-title":"","ast-breadcrumbs-content":"","ast-featured-img":"","footer-sml-layout":"","theme-transparent-header-meta":"","adv-header-id-meta":"","stick-header-meta":"","header-above-stick-meta":"","header-main-stick-meta":"","header-below-stick-meta":"","astra-migrate-meta-layouts":"default","ast-page-background-enabled":"default","ast-page-background-meta":{"desktop":{"background-color":"var(--ast-global-color-4)","background-image":"","background-repeat":"repeat","background-position":"center center","background-size":"auto","background-attachment":"scroll","background-type":"","background-media":"","overlay-type":"","overlay-color":"","overlay-opacity":"","overlay-gradient":""},"tablet":{"background-color":"","background-image":"","background-repeat":"repeat","background-position":"center center","background-size":"auto","background-attachment":"scroll","background-type":"","background-media":"","overlay-type":"","overlay-color":"","overlay-opacity":"","overlay-gradient":""},"mobile":{"background-color":"","background-image":"","background-repeat":"repeat","background-position":"center center","background-size":"auto","background-attachment":"scroll","background-type":"","background-media":"","overlay-type":"","overlay-color":"","overlay-opacity":"","overlay-gradient":""}},"ast-content-background-meta":{"desktop":{"background-color":"var(--ast-global-color-5)","background-image":"","background-repeat":"repeat","background-position":"center center","background-size":"auto","background-attachment":"scroll","background-type":"","background-media":"","overlay-type":"","overlay-color":"","overlay-opacity":"","overlay-gradient":""},"tablet":{"background-color":"var(--ast-global-color-5)","background-image":"","background-repeat":"repeat","background-position":"center center","background-size":"auto","background-attachment":"scroll","background-type":"","background-media":"","overlay-type":"","overlay-color":"","overlay-opacity":"","overlay-gradient":""},"mobile":{"background-color":"var(--ast-global-color-5)","background-image":"","background-repeat":"repeat","background-position":"center center","background-size":"auto","background-attachment":"scroll","background-type":"","background-media":"","overlay-type":"","overlay-color":"","overlay-opacity":"","overlay-gradient":""}},"footnotes":""},"categories":[78,79,83,1,5],"tags":[],"class_list":["post-3440","post","type-post","status-publish","format-standard","has-post-thumbnail","hentry","category-3r","category-4t","category-cicle-mitja","category-portada","category-primaria"],"post_mailing_queue_ids":[],"_links":{"self":[{"href":"https:\/\/agora.xtec.cat\/escsalvadorespriuvallfogona\/wp-json\/wp\/v2\/posts\/3440","targetHints":{"allow":["GET"]}}],"collection":[{"href":"https:\/\/agora.xtec.cat\/escsalvadorespriuvallfogona\/wp-json\/wp\/v2\/posts"}],"about":[{"href":"https:\/\/agora.xtec.cat\/escsalvadorespriuvallfogona\/wp-json\/wp\/v2\/types\/post"}],"author":[{"embeddable":true,"href":"https:\/\/agora.xtec.cat\/escsalvadorespriuvallfogona\/wp-json\/wp\/v2\/users\/34"}],"replies":[{"embeddable":true,"href":"https:\/\/agora.xtec.cat\/escsalvadorespriuvallfogona\/wp-json\/wp\/v2\/comments?post=3440"}],"version-history":[{"count":3,"href":"https:\/\/agora.xtec.cat\/escsalvadorespriuvallfogona\/wp-json\/wp\/v2\/posts\/3440\/revisions"}],"predecessor-version":[{"id":3481,"href":"https:\/\/agora.xtec.cat\/escsalvadorespriuvallfogona\/wp-json\/wp\/v2\/posts\/3440\/revisions\/3481"}],"wp:featuredmedia":[{"embeddable":true,"href":"https:\/\/agora.xtec.cat\/escsalvadorespriuvallfogona\/wp-json\/wp\/v2\/media\/3480"}],"wp:attachment":[{"href":"https:\/\/agora.xtec.cat\/escsalvadorespriuvallfogona\/wp-json\/wp\/v2\/media?parent=3440"}],"wp:term":[{"taxonomy":"category","embeddable":true,"href":"https:\/\/agora.xtec.cat\/escsalvadorespriuvallfogona\/wp-json\/wp\/v2\/categories?post=3440"},{"taxonomy":"post_tag","embeddable":true,"href":"https:\/\/agora.xtec.cat\/escsalvadorespriuvallfogona\/wp-json\/wp\/v2\/tags?post=3440"}],"curies":[{"name":"wp","href":"https:\/\/api.w.org\/{rel}","templated":true}]}}