{"id":2202,"date":"2018-02-12T09:56:47","date_gmt":"2018-02-12T08:56:47","guid":{"rendered":"http:\/\/agora.xtec.cat\/escsalvadorespriuvallfogona\/?p=2202"},"modified":"2018-02-12T09:57:31","modified_gmt":"2018-02-12T08:57:31","slug":"arriba-el-rei-carnestoltes","status":"publish","type":"post","link":"https:\/\/agora.xtec.cat\/escsalvadorespriuvallfogona\/portada\/arriba-el-rei-carnestoltes\/","title":{"rendered":"Arriba el Rei Carnestoltes!"},"content":{"rendered":"<p>Avui al mat\u00ed ens hem trobat la porta de l&#8217;escola tancada, i mentre esper\u00e0vem per entrar&#8230; ens ha sorpr\u00e8s la visita del Rei Carnestoltes! Ens ha fet el seu preg\u00f3 des de la finestra, i ens ha fet els seg\u00fcents manaments:<\/p>\n<p><em>&#8211; Dimarts, a l&#8217;escola amb pijama anireu<\/em><br \/>\n<em> &#8211; Dimecres com a esportistes vestireu, i els millors de l&#8217;escola sereu!<\/em><br \/>\n<em> &#8211; I dijous, com vulgueu us disfressareu: de fada, pirata, pr\u00edncep&#8230;<\/em><\/p>\n<p><em>Clar, que si no ho feu, els m\u00e9s avorrits sereu, i a l&#8217;escola potser no entrareu!<\/em><\/p>\n<p><a href=\"http:\/\/agora.xtec.cat\/escsalvadorespriuvallfogona\/wp-content\/uploads\/usu1472\/2018\/02\/BeFunky-Collage2.jpg\"><img loading=\"lazy\" decoding=\"async\" class=\"alignnone size-full wp-image-2203\" src=\"http:\/\/agora.xtec.cat\/escsalvadorespriuvallfogona\/wp-content\/uploads\/usu1472\/2018\/02\/BeFunky-Collage2.jpg\" alt=\"\" width=\"800\" height=\"800\" srcset=\"https:\/\/agora.xtec.cat\/escsalvadorespriuvallfogona\/wp-content\/uploads\/usu1472\/2018\/02\/BeFunky-Collage2.jpg 800w, https:\/\/agora.xtec.cat\/escsalvadorespriuvallfogona\/wp-content\/uploads\/usu1472\/2018\/02\/BeFunky-Collage2-150x150.jpg 150w, https:\/\/agora.xtec.cat\/escsalvadorespriuvallfogona\/wp-content\/uploads\/usu1472\/2018\/02\/BeFunky-Collage2-300x300.jpg 300w, https:\/\/agora.xtec.cat\/escsalvadorespriuvallfogona\/wp-content\/uploads\/usu1472\/2018\/02\/BeFunky-Collage2-768x768.jpg 768w\" sizes=\"auto, (max-width: 800px) 100vw, 800px\" \/><\/a><\/p>\n","protected":false},"excerpt":{"rendered":"<p>Avui al mat\u00ed ens hem trobat la porta de l&#8217;escola tancada, i mentre esper\u00e0vem per entrar&#8230; ens ha sorpr\u00e8s la visita del Rei Carnestoltes!<\/p>\n","protected":false},"author":1,"featured_media":2203,"comment_status":"open","ping_status":"closed","sticky":false,"template":"","format":"standard","meta":{"_bbp_topic_count":0,"_bbp_reply_count":0,"_bbp_total_topic_count":0,"_bbp_total_reply_count":0,"_bbp_voice_count":0,"_bbp_anonymous_reply_count":0,"_bbp_topic_count_hidden":0,"_bbp_reply_count_hidden":0,"_bbp_forum_subforum_count":0,"site-sidebar-layout":"default","site-content-layout":"","ast-site-content-layout":"","site-content-style":"default","site-sidebar-style":"default","ast-global-header-display":"","ast-banner-title-visibility":"","ast-main-header-display":"","ast-hfb-above-header-display":"","ast-hfb-below-header-display":"","ast-hfb-mobile-header-display":"","site-post-title":"","ast-breadcrumbs-content":"","ast-featured-img":"","footer-sml-layout":"","theme-transparent-header-meta":"","adv-header-id-meta":"","stick-header-meta":"","header-above-stick-meta":"","header-main-stick-meta":"","header-below-stick-meta":"","astra-migrate-meta-layouts":"default","ast-page-background-enabled":"default","ast-page-background-meta":{"desktop":{"background-color":"var(--ast-global-color-4)","background-image":"","background-repeat":"repeat","background-position":"center center","background-size":"auto","background-attachment":"scroll","background-type":"","background-media":"","overlay-type":"","overlay-color":"","overlay-opacity":"","overlay-gradient":""},"tablet":{"background-color":"","background-image":"","background-repeat":"repeat","background-position":"center center","background-size":"auto","background-attachment":"scroll","background-type":"","background-media":"","overlay-type":"","overlay-color":"","overlay-opacity":"","overlay-gradient":""},"mobile":{"background-color":"","background-image":"","background-repeat":"repeat","background-position":"center center","background-size":"auto","background-attachment":"scroll","background-type":"","background-media":"","overlay-type":"","overlay-color":"","overlay-opacity":"","overlay-gradient":""}},"ast-content-background-meta":{"desktop":{"background-color":"var(--ast-global-color-5)","background-image":"","background-repeat":"repeat","background-position":"center center","background-size":"auto","background-attachment":"scroll","background-type":"","background-media":"","overlay-type":"","overlay-color":"","overlay-opacity":"","overlay-gradient":""},"tablet":{"background-color":"var(--ast-global-color-5)","background-image":"","background-repeat":"repeat","background-position":"center center","background-size":"auto","background-attachment":"scroll","background-type":"","background-media":"","overlay-type":"","overlay-color":"","overlay-opacity":"","overlay-gradient":""},"mobile":{"background-color":"var(--ast-global-color-5)","background-image":"","background-repeat":"repeat","background-position":"center center","background-size":"auto","background-attachment":"scroll","background-type":"","background-media":"","overlay-type":"","overlay-color":"","overlay-opacity":"","overlay-gradient":""}},"footnotes":""},"categories":[90,1],"tags":[162,298,285,297,296],"class_list":["post-2202","post","type-post","status-publish","format-standard","has-post-thumbnail","hentry","category-comunicacio","category-portada","tag-carnestoltes","tag-consignes","tag-febrer","tag-prego","tag-rei"],"post_mailing_queue_ids":[],"_links":{"self":[{"href":"https:\/\/agora.xtec.cat\/escsalvadorespriuvallfogona\/wp-json\/wp\/v2\/posts\/2202","targetHints":{"allow":["GET"]}}],"collection":[{"href":"https:\/\/agora.xtec.cat\/escsalvadorespriuvallfogona\/wp-json\/wp\/v2\/posts"}],"about":[{"href":"https:\/\/agora.xtec.cat\/escsalvadorespriuvallfogona\/wp-json\/wp\/v2\/types\/post"}],"author":[{"embeddable":true,"href":"https:\/\/agora.xtec.cat\/escsalvadorespriuvallfogona\/wp-json\/wp\/v2\/users\/1"}],"replies":[{"embeddable":true,"href":"https:\/\/agora.xtec.cat\/escsalvadorespriuvallfogona\/wp-json\/wp\/v2\/comments?post=2202"}],"version-history":[{"count":2,"href":"https:\/\/agora.xtec.cat\/escsalvadorespriuvallfogona\/wp-json\/wp\/v2\/posts\/2202\/revisions"}],"predecessor-version":[{"id":2205,"href":"https:\/\/agora.xtec.cat\/escsalvadorespriuvallfogona\/wp-json\/wp\/v2\/posts\/2202\/revisions\/2205"}],"wp:featuredmedia":[{"embeddable":true,"href":"https:\/\/agora.xtec.cat\/escsalvadorespriuvallfogona\/wp-json\/wp\/v2\/media\/2203"}],"wp:attachment":[{"href":"https:\/\/agora.xtec.cat\/escsalvadorespriuvallfogona\/wp-json\/wp\/v2\/media?parent=2202"}],"wp:term":[{"taxonomy":"category","embeddable":true,"href":"https:\/\/agora.xtec.cat\/escsalvadorespriuvallfogona\/wp-json\/wp\/v2\/categories?post=2202"},{"taxonomy":"post_tag","embeddable":true,"href":"https:\/\/agora.xtec.cat\/escsalvadorespriuvallfogona\/wp-json\/wp\/v2\/tags?post=2202"}],"curies":[{"name":"wp","href":"https:\/\/api.w.org\/{rel}","templated":true}]}}