{"id":1802,"date":"2017-11-10T13:16:21","date_gmt":"2017-11-10T12:16:21","guid":{"rendered":"http:\/\/agora.xtec.cat\/escsalvadorespriuvallfogona\/?p=1802"},"modified":"2017-11-14T12:05:16","modified_gmt":"2017-11-14T11:05:16","slug":"projecte-personal-de-la-martina","status":"publish","type":"post","link":"https:\/\/agora.xtec.cat\/escsalvadorespriuvallfogona\/portada\/projecte-personal-de-la-martina\/","title":{"rendered":"Projecte personal de la Martina"},"content":{"rendered":"<p>Avui la Martina de la classe de 4t ha presentat el seu primer projecte personal. Ens han agafat moltes ganes de viatjar! Bulgaria \u00e9s una terra de natura, hist\u00f2ria i tradicions meravelloses.<br \/>\nUs imagineu olorar el perfum de rosa de Bulg\u00e0ria, provar la Banitsa, o escoltar una conversa en b\u00falgar? \u00a0Tot aix\u00f2 i molt m\u00e9s ha passat avui a la nostra classe.<\/p>\n<p>Gr\u00e0cies Martina i fam\u00edlia!<\/p>\n<div id='gallery-1' class='gallery galleryid-1802 gallery-columns-3 gallery-size-full'><figure class='gallery-item'>\n\t\t\t<div class='gallery-icon landscape'>\n\t\t\t\t<a href='https:\/\/agora.xtec.cat\/escsalvadorespriuvallfogona\/portada\/projecte-personal-de-la-martina\/attachment\/dav\/'><img loading=\"lazy\" decoding=\"async\" width=\"3968\" height=\"2976\" src=\"https:\/\/agora.xtec.cat\/escsalvadorespriuvallfogona\/wp-content\/uploads\/usu1472\/2017\/11\/IMG_20171110_114046.jpg\" class=\"attachment-full size-full\" alt=\"\" aria-describedby=\"gallery-1-1803\" srcset=\"https:\/\/agora.xtec.cat\/escsalvadorespriuvallfogona\/wp-content\/uploads\/usu1472\/2017\/11\/IMG_20171110_114046.jpg 3968w, https:\/\/agora.xtec.cat\/escsalvadorespriuvallfogona\/wp-content\/uploads\/usu1472\/2017\/11\/IMG_20171110_114046-300x225.jpg 300w, https:\/\/agora.xtec.cat\/escsalvadorespriuvallfogona\/wp-content\/uploads\/usu1472\/2017\/11\/IMG_20171110_114046-768x576.jpg 768w, https:\/\/agora.xtec.cat\/escsalvadorespriuvallfogona\/wp-content\/uploads\/usu1472\/2017\/11\/IMG_20171110_114046-1024x768.jpg 1024w, https:\/\/agora.xtec.cat\/escsalvadorespriuvallfogona\/wp-content\/uploads\/usu1472\/2017\/11\/IMG_20171110_114046-200x150.jpg 200w\" sizes=\"auto, (max-width: 3968px) 100vw, 3968px\" \/><\/a>\n\t\t\t<\/div>\n\t\t\t\t<figcaption class='wp-caption-text gallery-caption' id='gallery-1-1803'>\n\t\t\t\tPresentant el mapa pol\u00edtic\n\t\t\t\t<\/figcaption><\/figure><figure class='gallery-item'>\n\t\t\t<div class='gallery-icon landscape'>\n\t\t\t\t<a href='https:\/\/agora.xtec.cat\/escsalvadorespriuvallfogona\/portada\/projecte-personal-de-la-martina\/attachment\/dav-3\/'><img loading=\"lazy\" decoding=\"async\" width=\"794\" height=\"596\" src=\"https:\/\/agora.xtec.cat\/escsalvadorespriuvallfogona\/wp-content\/uploads\/usu1472\/2017\/11\/foto3.jpg\" class=\"attachment-full size-full\" alt=\"\" aria-describedby=\"gallery-1-1805\" srcset=\"https:\/\/agora.xtec.cat\/escsalvadorespriuvallfogona\/wp-content\/uploads\/usu1472\/2017\/11\/foto3.jpg 794w, https:\/\/agora.xtec.cat\/escsalvadorespriuvallfogona\/wp-content\/uploads\/usu1472\/2017\/11\/foto3-300x225.jpg 300w, https:\/\/agora.xtec.cat\/escsalvadorespriuvallfogona\/wp-content\/uploads\/usu1472\/2017\/11\/foto3-768x576.jpg 768w, https:\/\/agora.xtec.cat\/escsalvadorespriuvallfogona\/wp-content\/uploads\/usu1472\/2017\/11\/foto3-200x150.jpg 200w\" sizes=\"auto, (max-width: 794px) 100vw, 794px\" \/><\/a>\n\t\t\t<\/div>\n\t\t\t\t<figcaption class='wp-caption-text gallery-caption' id='gallery-1-1805'>\n\t\t\t\tTradicions de Bulgaria\n\t\t\t\t<\/figcaption><\/figure><figure class='gallery-item'>\n\t\t\t<div class='gallery-icon landscape'>\n\t\t\t\t<a href='https:\/\/agora.xtec.cat\/escsalvadorespriuvallfogona\/portada\/projecte-personal-de-la-martina\/attachment\/dav-4\/'><img loading=\"lazy\" decoding=\"async\" width=\"794\" height=\"596\" src=\"https:\/\/agora.xtec.cat\/escsalvadorespriuvallfogona\/wp-content\/uploads\/usu1472\/2017\/11\/foto4.jpg\" class=\"attachment-full size-full\" alt=\"\" aria-describedby=\"gallery-1-1806\" srcset=\"https:\/\/agora.xtec.cat\/escsalvadorespriuvallfogona\/wp-content\/uploads\/usu1472\/2017\/11\/foto4.jpg 794w, https:\/\/agora.xtec.cat\/escsalvadorespriuvallfogona\/wp-content\/uploads\/usu1472\/2017\/11\/foto4-300x225.jpg 300w, https:\/\/agora.xtec.cat\/escsalvadorespriuvallfogona\/wp-content\/uploads\/usu1472\/2017\/11\/foto4-768x576.jpg 768w, https:\/\/agora.xtec.cat\/escsalvadorespriuvallfogona\/wp-content\/uploads\/usu1472\/2017\/11\/foto4-200x150.jpg 200w\" sizes=\"auto, (max-width: 794px) 100vw, 794px\" \/><\/a>\n\t\t\t<\/div>\n\t\t\t\t<figcaption class='wp-caption-text gallery-caption' id='gallery-1-1806'>\n\t\t\t\tTradicions de Bulgaria 2\n\t\t\t\t<\/figcaption><\/figure><figure class='gallery-item'>\n\t\t\t<div class='gallery-icon landscape'>\n\t\t\t\t<a href='https:\/\/agora.xtec.cat\/escsalvadorespriuvallfogona\/portada\/projecte-personal-de-la-martina\/attachment\/dav-5\/'><img loading=\"lazy\" decoding=\"async\" width=\"794\" height=\"596\" src=\"https:\/\/agora.xtec.cat\/escsalvadorespriuvallfogona\/wp-content\/uploads\/usu1472\/2017\/11\/foto5.jpg\" class=\"attachment-full size-full\" alt=\"\" aria-describedby=\"gallery-1-1807\" srcset=\"https:\/\/agora.xtec.cat\/escsalvadorespriuvallfogona\/wp-content\/uploads\/usu1472\/2017\/11\/foto5.jpg 794w, https:\/\/agora.xtec.cat\/escsalvadorespriuvallfogona\/wp-content\/uploads\/usu1472\/2017\/11\/foto5-300x225.jpg 300w, https:\/\/agora.xtec.cat\/escsalvadorespriuvallfogona\/wp-content\/uploads\/usu1472\/2017\/11\/foto5-768x576.jpg 768w, https:\/\/agora.xtec.cat\/escsalvadorespriuvallfogona\/wp-content\/uploads\/usu1472\/2017\/11\/foto5-200x150.jpg 200w\" sizes=\"auto, (max-width: 794px) 100vw, 794px\" \/><\/a>\n\t\t\t<\/div>\n\t\t\t\t<figcaption class='wp-caption-text gallery-caption' id='gallery-1-1807'>\n\t\t\t\tBanitsa! \n\t\t\t\t<\/figcaption><\/figure><figure class='gallery-item'>\n\t\t\t<div class='gallery-icon landscape'>\n\t\t\t\t<a href='https:\/\/agora.xtec.cat\/escsalvadorespriuvallfogona\/portada\/projecte-personal-de-la-martina\/attachment\/dav-6\/'><img loading=\"lazy\" decoding=\"async\" width=\"794\" height=\"596\" src=\"https:\/\/agora.xtec.cat\/escsalvadorespriuvallfogona\/wp-content\/uploads\/usu1472\/2017\/11\/foto6.jpg\" class=\"attachment-full size-full\" alt=\"\" aria-describedby=\"gallery-1-1808\" srcset=\"https:\/\/agora.xtec.cat\/escsalvadorespriuvallfogona\/wp-content\/uploads\/usu1472\/2017\/11\/foto6.jpg 794w, https:\/\/agora.xtec.cat\/escsalvadorespriuvallfogona\/wp-content\/uploads\/usu1472\/2017\/11\/foto6-300x225.jpg 300w, https:\/\/agora.xtec.cat\/escsalvadorespriuvallfogona\/wp-content\/uploads\/usu1472\/2017\/11\/foto6-768x576.jpg 768w, https:\/\/agora.xtec.cat\/escsalvadorespriuvallfogona\/wp-content\/uploads\/usu1472\/2017\/11\/foto6-200x150.jpg 200w\" sizes=\"auto, (max-width: 794px) 100vw, 794px\" \/><\/a>\n\t\t\t<\/div>\n\t\t\t\t<figcaption class='wp-caption-text gallery-caption' id='gallery-1-1808'>\n\t\t\t\tEns encanta la Banitsa\n\t\t\t\t<\/figcaption><\/figure><figure class='gallery-item'>\n\t\t\t<div class='gallery-icon landscape'>\n\t\t\t\t<a href='https:\/\/agora.xtec.cat\/escsalvadorespriuvallfogona\/portada\/projecte-personal-de-la-martina\/attachment\/dav-2\/'><img loading=\"lazy\" decoding=\"async\" width=\"596\" height=\"447\" src=\"https:\/\/agora.xtec.cat\/escsalvadorespriuvallfogona\/wp-content\/uploads\/usu1472\/2017\/11\/foto1.jpg\" class=\"attachment-full size-full\" alt=\"\" aria-describedby=\"gallery-1-1804\" srcset=\"https:\/\/agora.xtec.cat\/escsalvadorespriuvallfogona\/wp-content\/uploads\/usu1472\/2017\/11\/foto1.jpg 596w, https:\/\/agora.xtec.cat\/escsalvadorespriuvallfogona\/wp-content\/uploads\/usu1472\/2017\/11\/foto1-300x225.jpg 300w, https:\/\/agora.xtec.cat\/escsalvadorespriuvallfogona\/wp-content\/uploads\/usu1472\/2017\/11\/foto1-200x150.jpg 200w\" sizes=\"auto, (max-width: 596px) 100vw, 596px\" \/><\/a>\n\t\t\t<\/div>\n\t\t\t\t<figcaption class='wp-caption-text gallery-caption' id='gallery-1-1804'>\n\t\t\t\tCaramels de rosa de Bulgaria\n\t\t\t\t<\/figcaption><\/figure>\n\t\t<\/div>\n\n","protected":false},"excerpt":{"rendered":"<p>Avui la Martina de la classe de 4t ha presentat el seu primer projecte personal. Ens han agafat moltes ganes de viatjar! Bulgaria \u00e9s una terra de natura, hist\u00f2ria i tradicions meravelloses. Us imagineu olorar el perfum de rosa de Bulg\u00e0ria, provar la Banitsa, o escoltar una conversa en b\u00falgar? \u00a0Tot aix\u00f2 i molt m\u00e9s [&hellip;]<\/p>\n","protected":false},"author":7,"featured_media":1804,"comment_status":"open","ping_status":"closed","sticky":false,"template":"","format":"standard","meta":{"_bbp_topic_count":0,"_bbp_reply_count":0,"_bbp_total_topic_count":0,"_bbp_total_reply_count":0,"_bbp_voice_count":0,"_bbp_anonymous_reply_count":0,"_bbp_topic_count_hidden":0,"_bbp_reply_count_hidden":0,"_bbp_forum_subforum_count":0,"site-sidebar-layout":"default","site-content-layout":"","ast-site-content-layout":"","site-content-style":"default","site-sidebar-style":"default","ast-global-header-display":"","ast-banner-title-visibility":"","ast-main-header-display":"","ast-hfb-above-header-display":"","ast-hfb-below-header-display":"","ast-hfb-mobile-header-display":"","site-post-title":"","ast-breadcrumbs-content":"","ast-featured-img":"","footer-sml-layout":"","theme-transparent-header-meta":"","adv-header-id-meta":"","stick-header-meta":"","header-above-stick-meta":"","header-main-stick-meta":"","header-below-stick-meta":"","astra-migrate-meta-layouts":"default","ast-page-background-enabled":"default","ast-page-background-meta":{"desktop":{"background-color":"var(--ast-global-color-4)","background-image":"","background-repeat":"repeat","background-position":"center center","background-size":"auto","background-attachment":"scroll","background-type":"","background-media":"","overlay-type":"","overlay-color":"","overlay-opacity":"","overlay-gradient":""},"tablet":{"background-color":"","background-image":"","background-repeat":"repeat","background-position":"center center","background-size":"auto","background-attachment":"scroll","background-type":"","background-media":"","overlay-type":"","overlay-color":"","overlay-opacity":"","overlay-gradient":""},"mobile":{"background-color":"","background-image":"","background-repeat":"repeat","background-position":"center center","background-size":"auto","background-attachment":"scroll","background-type":"","background-media":"","overlay-type":"","overlay-color":"","overlay-opacity":"","overlay-gradient":""}},"ast-content-background-meta":{"desktop":{"background-color":"var(--ast-global-color-5)","background-image":"","background-repeat":"repeat","background-position":"center center","background-size":"auto","background-attachment":"scroll","background-type":"","background-media":"","overlay-type":"","overlay-color":"","overlay-opacity":"","overlay-gradient":""},"tablet":{"background-color":"var(--ast-global-color-5)","background-image":"","background-repeat":"repeat","background-position":"center center","background-size":"auto","background-attachment":"scroll","background-type":"","background-media":"","overlay-type":"","overlay-color":"","overlay-opacity":"","overlay-gradient":""},"mobile":{"background-color":"var(--ast-global-color-5)","background-image":"","background-repeat":"repeat","background-position":"center center","background-size":"auto","background-attachment":"scroll","background-type":"","background-media":"","overlay-type":"","overlay-color":"","overlay-opacity":"","overlay-gradient":""}},"footnotes":""},"categories":[79,83,1,5],"tags":[],"class_list":["post-1802","post","type-post","status-publish","format-standard","has-post-thumbnail","hentry","category-4t","category-cicle-mitja","category-portada","category-primaria"],"post_mailing_queue_ids":[],"_links":{"self":[{"href":"https:\/\/agora.xtec.cat\/escsalvadorespriuvallfogona\/wp-json\/wp\/v2\/posts\/1802","targetHints":{"allow":["GET"]}}],"collection":[{"href":"https:\/\/agora.xtec.cat\/escsalvadorespriuvallfogona\/wp-json\/wp\/v2\/posts"}],"about":[{"href":"https:\/\/agora.xtec.cat\/escsalvadorespriuvallfogona\/wp-json\/wp\/v2\/types\/post"}],"author":[{"embeddable":true,"href":"https:\/\/agora.xtec.cat\/escsalvadorespriuvallfogona\/wp-json\/wp\/v2\/users\/7"}],"replies":[{"embeddable":true,"href":"https:\/\/agora.xtec.cat\/escsalvadorespriuvallfogona\/wp-json\/wp\/v2\/comments?post=1802"}],"version-history":[{"count":1,"href":"https:\/\/agora.xtec.cat\/escsalvadorespriuvallfogona\/wp-json\/wp\/v2\/posts\/1802\/revisions"}],"predecessor-version":[{"id":1809,"href":"https:\/\/agora.xtec.cat\/escsalvadorespriuvallfogona\/wp-json\/wp\/v2\/posts\/1802\/revisions\/1809"}],"wp:featuredmedia":[{"embeddable":true,"href":"https:\/\/agora.xtec.cat\/escsalvadorespriuvallfogona\/wp-json\/wp\/v2\/media\/1804"}],"wp:attachment":[{"href":"https:\/\/agora.xtec.cat\/escsalvadorespriuvallfogona\/wp-json\/wp\/v2\/media?parent=1802"}],"wp:term":[{"taxonomy":"category","embeddable":true,"href":"https:\/\/agora.xtec.cat\/escsalvadorespriuvallfogona\/wp-json\/wp\/v2\/categories?post=1802"},{"taxonomy":"post_tag","embeddable":true,"href":"https:\/\/agora.xtec.cat\/escsalvadorespriuvallfogona\/wp-json\/wp\/v2\/tags?post=1802"}],"curies":[{"name":"wp","href":"https:\/\/api.w.org\/{rel}","templated":true}]}}