{"id":1497,"date":"2017-06-02T17:54:51","date_gmt":"2017-06-02T15:54:51","guid":{"rendered":"http:\/\/agora.xtec.cat\/escsalvadorespriuvallfogona\/?p=1497"},"modified":"2017-06-02T17:57:00","modified_gmt":"2017-06-02T15:57:00","slug":"en-marxa-el-projecte-interdisciplinari-2017-les-arts","status":"publish","type":"post","link":"https:\/\/agora.xtec.cat\/escsalvadorespriuvallfogona\/portada\/en-marxa-el-projecte-interdisciplinari-2017-les-arts\/","title":{"rendered":"En marxa el projecte interdisciplinari 2017: Les arts"},"content":{"rendered":"<p>Ahir a la tarda vam sorprendre els alumnes amb un petit acte d&#8217;entrega d&#8217;uns \u00edtems molt especials&#8230; Cada curs va rebre una capsa sorpresa amb\u00a0algun objecte que ens revelaria un secret, la t\u00e8cnica art\u00edstica que treballarem durant les dues properes setmanes: La pintura a P3, l&#8217;arquitectura a P4, l&#8217;escultura, a P5, el gravat a 1r i 2n, la m\u00fasica i la dansa a 3r, el cinema a 4t i 5\u00e8, i l&#8217;art urb\u00e0 a 6\u00e8.<\/p>\n<p>Tot i que inicialment aquest acte l&#8217;havia de protagonitzar l&#8217;artista Nomar Guix\u00e9 finalment no va poder venir, per\u00f2 esperem poder-lo con\u00e8ixer ben aviat!<\/p>\n<p><a href=\"http:\/\/agora.xtec.cat\/escsalvadorespriuvallfogona\/wp-content\/uploads\/usu1472\/2017\/06\/IMG_2838-1.jpg\"><img loading=\"lazy\" decoding=\"async\" class=\"wp-image-1498 aligncenter\" src=\"http:\/\/agora.xtec.cat\/escsalvadorespriuvallfogona\/wp-content\/uploads\/usu1472\/2017\/06\/IMG_2838-1.jpg\" alt=\"IMG_2838 (1)\" width=\"636\" height=\"477\" srcset=\"https:\/\/agora.xtec.cat\/escsalvadorespriuvallfogona\/wp-content\/uploads\/usu1472\/2017\/06\/IMG_2838-1.jpg 980w, https:\/\/agora.xtec.cat\/escsalvadorespriuvallfogona\/wp-content\/uploads\/usu1472\/2017\/06\/IMG_2838-1-300x225.jpg 300w, https:\/\/agora.xtec.cat\/escsalvadorespriuvallfogona\/wp-content\/uploads\/usu1472\/2017\/06\/IMG_2838-1-768x576.jpg 768w, https:\/\/agora.xtec.cat\/escsalvadorespriuvallfogona\/wp-content\/uploads\/usu1472\/2017\/06\/IMG_2838-1-200x150.jpg 200w\" sizes=\"auto, (max-width: 636px) 100vw, 636px\" \/><\/a><\/p>\n<p style=\"text-align: center;\"><a href=\"https:\/\/plus.google.com\/105394514187791424939\/posts\/K1LYMvb5c46\" target=\"_blank\">(feu clic aqu\u00ed per veure la galeria sencera)<\/a><\/p>\n<p>Aix\u00f2 comporta que, fins a l&#8217;acabament del curs, hem modificat alguns grups, els horaris i l&#8217;assignaci\u00f3 d&#8217;espais per poder treballar amb una metodologia una mica diferent del que fem habitualment. L&#8217;objectiu d&#8217;aquest projecte \u00e9s que cada curs es converteixi en expert en l&#8217;\u00e0rea que treballar\u00e0. Seran uns dies especials, ja que les feines que farem seran for\u00e7a diferents, tindrem visites d&#8217;experts a l&#8217;escola, i descobrirem coses que ens s\u00f3n desconegudes!<\/p>\n<p>I com a font d&#8217;inspiraci\u00f3 per al nostre projecte, avui hem fet una excursi\u00f3 al castell de Concabella. All\u00e0 hem pogut observar l&#8217;exposici\u00f3 de l&#8217;artista Nomar Guix\u00e9, visitar el castell, i fer uns tallers pl\u00e0stics que ens han donat l&#8217;oportunitat d&#8217;observar l&#8217;entorn d&#8217;una altra manera.<br \/>\nEn acabat hem dinat al parc de Sant Eloi de T\u00e0rrega, on hem acabat de passar la tarda jugant tots plegats.<\/p>\n<p><a href=\"http:\/\/agora.xtec.cat\/escsalvadorespriuvallfogona\/wp-content\/uploads\/usu1472\/2017\/06\/IMG_7652.jpg\"><img loading=\"lazy\" decoding=\"async\" class=\"wp-image-1499 aligncenter\" src=\"http:\/\/agora.xtec.cat\/escsalvadorespriuvallfogona\/wp-content\/uploads\/usu1472\/2017\/06\/IMG_7652.jpg\" alt=\"IMG_7652\" width=\"634\" height=\"475\" srcset=\"https:\/\/agora.xtec.cat\/escsalvadorespriuvallfogona\/wp-content\/uploads\/usu1472\/2017\/06\/IMG_7652.jpg 980w, https:\/\/agora.xtec.cat\/escsalvadorespriuvallfogona\/wp-content\/uploads\/usu1472\/2017\/06\/IMG_7652-300x225.jpg 300w, https:\/\/agora.xtec.cat\/escsalvadorespriuvallfogona\/wp-content\/uploads\/usu1472\/2017\/06\/IMG_7652-768x576.jpg 768w, https:\/\/agora.xtec.cat\/escsalvadorespriuvallfogona\/wp-content\/uploads\/usu1472\/2017\/06\/IMG_7652-200x150.jpg 200w\" sizes=\"auto, (max-width: 634px) 100vw, 634px\" \/><\/a><\/p>\n<p style=\"text-align: center;\"><a href=\"https:\/\/plus.google.com\/105394514187791424939\/posts\/VjhsyA1msDv\" target=\"_blank\">(feu clic aqu\u00ed per veure la galeria sencera)<\/a><\/p>\n<p>Finalitzarem el projecte -i el curs- compartint els nostres treballs amb tothom en una exposici\u00f3 itinerant que tindr\u00e0 lloc el divendres 16 de juny a les 18:30 de la tarda. Feu-vos un lloc a l&#8217;agenda, us hi esperarem a tots!<\/p>\n","protected":false},"excerpt":{"rendered":"<p>Ahir a la tarda vam sorprendre els alumnes amb un petit acte d&#8217;entrega d&#8217;uns \u00edtems molt especials&#8230; Cada curs va rebre una capsa sorpresa amb\u00a0algun objecte que ens revelaria un secret, la t\u00e8cnica art\u00edstica que treballarem durant les dues properes setmanes: La pintura a P3, l&#8217;arquitectura a P4, l&#8217;escultura, a P5, el gravat a 1r [&hellip;]<\/p>\n","protected":false},"author":1,"featured_media":1499,"comment_status":"open","ping_status":"closed","sticky":false,"template":"","format":"standard","meta":{"_bbp_topic_count":0,"_bbp_reply_count":0,"_bbp_total_topic_count":0,"_bbp_total_reply_count":0,"_bbp_voice_count":0,"_bbp_anonymous_reply_count":0,"_bbp_topic_count_hidden":0,"_bbp_reply_count_hidden":0,"_bbp_forum_subforum_count":0,"site-sidebar-layout":"default","site-content-layout":"","ast-site-content-layout":"","site-content-style":"default","site-sidebar-style":"default","ast-global-header-display":"","ast-banner-title-visibility":"","ast-main-header-display":"","ast-hfb-above-header-display":"","ast-hfb-below-header-display":"","ast-hfb-mobile-header-display":"","site-post-title":"","ast-breadcrumbs-content":"","ast-featured-img":"","footer-sml-layout":"","theme-transparent-header-meta":"","adv-header-id-meta":"","stick-header-meta":"","header-above-stick-meta":"","header-main-stick-meta":"","header-below-stick-meta":"","astra-migrate-meta-layouts":"default","ast-page-background-enabled":"default","ast-page-background-meta":{"desktop":{"background-color":"var(--ast-global-color-4)","background-image":"","background-repeat":"repeat","background-position":"center center","background-size":"auto","background-attachment":"scroll","background-type":"","background-media":"","overlay-type":"","overlay-color":"","overlay-opacity":"","overlay-gradient":""},"tablet":{"background-color":"","background-image":"","background-repeat":"repeat","background-position":"center center","background-size":"auto","background-attachment":"scroll","background-type":"","background-media":"","overlay-type":"","overlay-color":"","overlay-opacity":"","overlay-gradient":""},"mobile":{"background-color":"","background-image":"","background-repeat":"repeat","background-position":"center center","background-size":"auto","background-attachment":"scroll","background-type":"","background-media":"","overlay-type":"","overlay-color":"","overlay-opacity":"","overlay-gradient":""}},"ast-content-background-meta":{"desktop":{"background-color":"var(--ast-global-color-5)","background-image":"","background-repeat":"repeat","background-position":"center center","background-size":"auto","background-attachment":"scroll","background-type":"","background-media":"","overlay-type":"","overlay-color":"","overlay-opacity":"","overlay-gradient":""},"tablet":{"background-color":"var(--ast-global-color-5)","background-image":"","background-repeat":"repeat","background-position":"center center","background-size":"auto","background-attachment":"scroll","background-type":"","background-media":"","overlay-type":"","overlay-color":"","overlay-opacity":"","overlay-gradient":""},"mobile":{"background-color":"var(--ast-global-color-5)","background-image":"","background-repeat":"repeat","background-position":"center center","background-size":"auto","background-attachment":"scroll","background-type":"","background-media":"","overlay-type":"","overlay-color":"","overlay-opacity":"","overlay-gradient":""}},"footnotes":""},"categories":[76,77,78,79,80,81,82,83,84,57,73,74,75,2,1,5],"tags":[],"class_list":["post-1497","post","type-post","status-publish","format-standard","has-post-thumbnail","hentry","category-1r","category-2n","category-3r","category-4t","category-5e","category-6e","category-cicle-inicial","category-cicle-mitja","category-cicle-superior","category-escola","category-i3","category-i4","category-i5","category-infantil","category-portada","category-primaria"],"post_mailing_queue_ids":[],"_links":{"self":[{"href":"https:\/\/agora.xtec.cat\/escsalvadorespriuvallfogona\/wp-json\/wp\/v2\/posts\/1497","targetHints":{"allow":["GET"]}}],"collection":[{"href":"https:\/\/agora.xtec.cat\/escsalvadorespriuvallfogona\/wp-json\/wp\/v2\/posts"}],"about":[{"href":"https:\/\/agora.xtec.cat\/escsalvadorespriuvallfogona\/wp-json\/wp\/v2\/types\/post"}],"author":[{"embeddable":true,"href":"https:\/\/agora.xtec.cat\/escsalvadorespriuvallfogona\/wp-json\/wp\/v2\/users\/1"}],"replies":[{"embeddable":true,"href":"https:\/\/agora.xtec.cat\/escsalvadorespriuvallfogona\/wp-json\/wp\/v2\/comments?post=1497"}],"version-history":[{"count":2,"href":"https:\/\/agora.xtec.cat\/escsalvadorespriuvallfogona\/wp-json\/wp\/v2\/posts\/1497\/revisions"}],"predecessor-version":[{"id":1502,"href":"https:\/\/agora.xtec.cat\/escsalvadorespriuvallfogona\/wp-json\/wp\/v2\/posts\/1497\/revisions\/1502"}],"wp:featuredmedia":[{"embeddable":true,"href":"https:\/\/agora.xtec.cat\/escsalvadorespriuvallfogona\/wp-json\/wp\/v2\/media\/1499"}],"wp:attachment":[{"href":"https:\/\/agora.xtec.cat\/escsalvadorespriuvallfogona\/wp-json\/wp\/v2\/media?parent=1497"}],"wp:term":[{"taxonomy":"category","embeddable":true,"href":"https:\/\/agora.xtec.cat\/escsalvadorespriuvallfogona\/wp-json\/wp\/v2\/categories?post=1497"},{"taxonomy":"post_tag","embeddable":true,"href":"https:\/\/agora.xtec.cat\/escsalvadorespriuvallfogona\/wp-json\/wp\/v2\/tags?post=1497"}],"curies":[{"name":"wp","href":"https:\/\/api.w.org\/{rel}","templated":true}]}}