{"id":2869,"date":"2025-11-17T10:26:27","date_gmt":"2025-11-17T09:26:27","guid":{"rendered":"https:\/\/agora.xtec.cat\/escpompeureus\/?p=2869"},"modified":"2026-04-17T10:39:47","modified_gmt":"2026-04-17T08:39:47","slug":"la-psicomotricitat-i-la-festa-major-de-reus","status":"publish","type":"post","link":"https:\/\/agora.xtec.cat\/escpompeureus\/general\/la-psicomotricitat-i-la-festa-major-de-reus\/","title":{"rendered":"La Psicomotricitat i la Festa Major de Reus!"},"content":{"rendered":"<p data-start=\"0\" data-end=\"231\">Aquest inici de curs, la psicomotricitat s\u2019ha treballat a partir de la Festa Major de Reus, combinant moviment, m\u00fasica i joc simb\u00f2lic. A trav\u00e9s d\u2019una rutina amb el mirall, els infants saben quan comen\u00e7ar i quan acabar les sessions.<\/p>\n<p data-start=\"233\" data-end=\"391\">A I3, han ballat, s\u2019han disfressat de gegants i nanos i han jugat per con\u00e8ixer millor el seu cos, creant vincles i sentint-se cada cop m\u00e9s c\u00f2modes a l\u2019escola.<\/p>\n<p data-start=\"393\" data-end=\"530\">A I4 i I5, han fet danses i activitats inspirades en la cultura popular, treballant la coordinaci\u00f3, l\u2019equilibri, el ritme i l\u2019orientaci\u00f3.<\/p>\n<p data-start=\"532\" data-end=\"736\">A totes les classes s\u2019han utilitzat materials diversos i jocs que afavoreixen la comunicaci\u00f3, el respecte i el treball en grup. Les sessions acaben amb moments de relaxaci\u00f3 i expressi\u00f3 del que han viscut.<\/p>\n<p data-start=\"738\" data-end=\"861\" data-is-last-node=\"\" data-is-only-node=\"\">En conjunt, ha estat una experi\u00e8ncia per con\u00e8ixer el cos i apropar-se a les tradicions d\u2019una manera divertida i compartida.<\/p>\n<p data-start=\"738\" data-end=\"861\" data-is-last-node=\"\" data-is-only-node=\"\">A continuaci\u00f3 us adjuntem un enlla\u00e7 per veure-hi un tastet:<\/p>\n<p><a href=\"https:\/\/drive.google.com\/drive\/folders\/1wyCmT3B3UfYkQe2e4Lu5JgYg4ZbLWXST\">https:\/\/drive.google.com\/drive\/folders\/1wyCmT3B3UfYkQe2e4Lu5JgYg4ZbLWXST<\/a><\/p>\n<p>&nbsp;<\/p>\n<p>&nbsp;<\/p>\n","protected":false},"excerpt":{"rendered":"<p>Aquest inici de curs, la psicomotricitat s\u2019ha treballat a partir de la Festa Major de Reus, combinant moviment, m\u00fasica i joc simb\u00f2lic. A trav\u00e9s d\u2019una rutina amb el mirall, els infants saben quan comen\u00e7ar i quan acabar les sessions.<br \/>\nA I3, han ballat, s\u2019han disfressat de&hellip;  <a href=\"https:\/\/agora.xtec.cat\/escpompeureus\/general\/la-psicomotricitat-i-la-festa-major-de-reus\/\" title=\"Read La Psicomotricitat i la Festa Major de Reus!\">Llegeix m\u00e9s\u00bb<\/a><\/p>\n","protected":false},"author":3,"featured_media":2870,"comment_status":"open","ping_status":"open","sticky":false,"template":"","format":"standard","meta":{"_bbp_topic_count":0,"_bbp_reply_count":0,"_bbp_total_topic_count":0,"_bbp_total_reply_count":0,"_bbp_voice_count":0,"_bbp_anonymous_reply_count":0,"_bbp_topic_count_hidden":0,"_bbp_reply_count_hidden":0,"_bbp_forum_subforum_count":0,"footnotes":""},"categories":[1,2,3,8,9,4],"tags":[],"class_list":["post-2869","post","type-post","status-publish","format-standard","has-post-thumbnail","hentry","category-general","category-infantil","category-p3","category-p4","category-p5","category-portada"],"post_mailing_queue_ids":[],"_links":{"self":[{"href":"https:\/\/agora.xtec.cat\/escpompeureus\/wp-json\/wp\/v2\/posts\/2869","targetHints":{"allow":["GET"]}}],"collection":[{"href":"https:\/\/agora.xtec.cat\/escpompeureus\/wp-json\/wp\/v2\/posts"}],"about":[{"href":"https:\/\/agora.xtec.cat\/escpompeureus\/wp-json\/wp\/v2\/types\/post"}],"author":[{"embeddable":true,"href":"https:\/\/agora.xtec.cat\/escpompeureus\/wp-json\/wp\/v2\/users\/3"}],"replies":[{"embeddable":true,"href":"https:\/\/agora.xtec.cat\/escpompeureus\/wp-json\/wp\/v2\/comments?post=2869"}],"version-history":[{"count":1,"href":"https:\/\/agora.xtec.cat\/escpompeureus\/wp-json\/wp\/v2\/posts\/2869\/revisions"}],"predecessor-version":[{"id":2871,"href":"https:\/\/agora.xtec.cat\/escpompeureus\/wp-json\/wp\/v2\/posts\/2869\/revisions\/2871"}],"wp:featuredmedia":[{"embeddable":true,"href":"https:\/\/agora.xtec.cat\/escpompeureus\/wp-json\/wp\/v2\/media\/2870"}],"wp:attachment":[{"href":"https:\/\/agora.xtec.cat\/escpompeureus\/wp-json\/wp\/v2\/media?parent=2869"}],"wp:term":[{"taxonomy":"category","embeddable":true,"href":"https:\/\/agora.xtec.cat\/escpompeureus\/wp-json\/wp\/v2\/categories?post=2869"},{"taxonomy":"post_tag","embeddable":true,"href":"https:\/\/agora.xtec.cat\/escpompeureus\/wp-json\/wp\/v2\/tags?post=2869"}],"curies":[{"name":"wp","href":"https:\/\/api.w.org\/{rel}","templated":true}]}}