{"id":8907,"date":"2023-12-17T17:07:11","date_gmt":"2023-12-17T16:07:11","guid":{"rendered":"https:\/\/agora.xtec.cat\/escpompeufabra\/?p=8907"},"modified":"2023-12-27T18:58:30","modified_gmt":"2023-12-27T17:58:30","slug":"concert-de-nadal-a-la-residencia-can-jaques","status":"publish","type":"post","link":"https:\/\/agora.xtec.cat\/escpompeufabra\/portada\/concert-de-nadal-a-la-residencia-can-jaques\/","title":{"rendered":"Concert de Nadal a la resid\u00e8ncia Can Jaques"},"content":{"rendered":"<p>El passat divendres l\u2019alumnat de quart vam anar a la resid\u00e8ncia d\u2019avis Can Jaques per celebrar el tradicional concert de Nadal.<\/p>\n<p>Tot l\u2019alumnat vam cantar les can\u00e7ons <i>\u201cUn temps per cada cosa\u201d<\/i>, <i>\u201cAnirem a buscar el ti\u00f3\u201d i<\/i> <i>\u201cPot-purri de Nadales\u201d,<\/i> i alguns alumnes van interpretar peces amb diferents instruments: guitarra, viol\u00ed i teclat.<\/p>\n<p>Al finalitzar, en agra\u00efment a la rebuda, els vam oferir una manualitat que hav\u00edem fet a l\u2019escola, i els avis i \u00e0vies ens van fer obsequi d\u2019una manualitat nadalenca molt bonica, i d\u2019un aperitiu nadalenc.<\/p>\n<p>Va ser un mat\u00ed amb molta m\u00fasica i emoci\u00f3 compartida.<\/p>\n<figure id=\"attachment_8910\" aria-describedby=\"caption-attachment-8910\" style=\"width: 616px\" class=\"wp-caption alignnone\"><a href=\"https:\/\/drive.google.com\/drive\/folders\/19ovP6AOGwZM8nWDTYDhe7TCJRkxVHJ3p?usp=share_link\" target=\"_blank\" rel=\"noopener\"><img loading=\"lazy\" decoding=\"async\" class=\"wp-image-8910\" src=\"https:\/\/agora.xtec.cat\/escpompeufabra\/wp-content\/uploads\/usu1654\/2023\/12\/Copia-de-Blog-Plantilla-musica-1.png\" alt=\"\" width=\"616\" height=\"436\" srcset=\"https:\/\/agora.xtec.cat\/escpompeufabra\/wp-content\/uploads\/usu1654\/2023\/12\/Copia-de-Blog-Plantilla-musica-1.png 1024w, https:\/\/agora.xtec.cat\/escpompeufabra\/wp-content\/uploads\/usu1654\/2023\/12\/Copia-de-Blog-Plantilla-musica-1-300x212.png 300w, https:\/\/agora.xtec.cat\/escpompeufabra\/wp-content\/uploads\/usu1654\/2023\/12\/Copia-de-Blog-Plantilla-musica-1-768x543.png 768w\" sizes=\"auto, (max-width: 616px) 100vw, 616px\" \/><\/a><figcaption id=\"caption-attachment-8910\" class=\"wp-caption-text\"><em>Cliqueu a la imatge per accedir a la galeria fotogr\u00e0fica.<\/em><\/figcaption><\/figure>\n","protected":false},"excerpt":{"rendered":"<p>El passat divendres l\u2019alumnat de quart vam anar a la resid\u00e8ncia d\u2019avis Can Jaques per celebrar el tradicional concert de Nadal.<\/p>\n","protected":false},"author":1,"featured_media":8910,"comment_status":"closed","ping_status":"closed","sticky":false,"template":"","format":"standard","meta":{"_bbp_topic_count":0,"_bbp_reply_count":0,"_bbp_total_topic_count":0,"_bbp_total_reply_count":0,"_bbp_voice_count":0,"_bbp_anonymous_reply_count":0,"_bbp_topic_count_hidden":0,"_bbp_reply_count_hidden":0,"_bbp_forum_subforum_count":0,"site-sidebar-layout":"default","site-content-layout":"","ast-site-content-layout":"","site-content-style":"default","site-sidebar-style":"default","ast-global-header-display":"","ast-banner-title-visibility":"","ast-main-header-display":"","ast-hfb-above-header-display":"","ast-hfb-below-header-display":"","ast-hfb-mobile-header-display":"","site-post-title":"","ast-breadcrumbs-content":"","ast-featured-img":"","footer-sml-layout":"","theme-transparent-header-meta":"","adv-header-id-meta":"","stick-header-meta":"","header-above-stick-meta":"","header-main-stick-meta":"","header-below-stick-meta":"","astra-migrate-meta-layouts":"default","ast-page-background-enabled":"default","ast-page-background-meta":{"desktop":{"background-color":"var(--ast-global-color-4)","background-image":"","background-repeat":"repeat","background-position":"center center","background-size":"auto","background-attachment":"scroll","background-type":"","background-media":"","overlay-type":"","overlay-color":"","overlay-opacity":"","overlay-gradient":""},"tablet":{"background-color":"","background-image":"","background-repeat":"repeat","background-position":"center center","background-size":"auto","background-attachment":"scroll","background-type":"","background-media":"","overlay-type":"","overlay-color":"","overlay-opacity":"","overlay-gradient":""},"mobile":{"background-color":"","background-image":"","background-repeat":"repeat","background-position":"center center","background-size":"auto","background-attachment":"scroll","background-type":"","background-media":"","overlay-type":"","overlay-color":"","overlay-opacity":"","overlay-gradient":""}},"ast-content-background-meta":{"desktop":{"background-color":"var(--ast-global-color-5)","background-image":"","background-repeat":"repeat","background-position":"center center","background-size":"auto","background-attachment":"scroll","background-type":"","background-media":"","overlay-type":"","overlay-color":"","overlay-opacity":"","overlay-gradient":""},"tablet":{"background-color":"var(--ast-global-color-5)","background-image":"","background-repeat":"repeat","background-position":"center center","background-size":"auto","background-attachment":"scroll","background-type":"","background-media":"","overlay-type":"","overlay-color":"","overlay-opacity":"","overlay-gradient":""},"mobile":{"background-color":"var(--ast-global-color-5)","background-image":"","background-repeat":"repeat","background-position":"center center","background-size":"auto","background-attachment":"scroll","background-type":"","background-media":"","overlay-type":"","overlay-color":"","overlay-opacity":"","overlay-gradient":""}},"footnotes":""},"categories":[11,9,4],"tags":[137,86,136],"class_list":["post-8907","post","type-post","status-publish","format-standard","has-post-thumbnail","hentry","category-cicle-mitja","category-musica","category-portada","tag-canjaques","tag-musica","tag-nadales"],"post_mailing_queue_ids":[],"_links":{"self":[{"href":"https:\/\/agora.xtec.cat\/escpompeufabra\/wp-json\/wp\/v2\/posts\/8907","targetHints":{"allow":["GET"]}}],"collection":[{"href":"https:\/\/agora.xtec.cat\/escpompeufabra\/wp-json\/wp\/v2\/posts"}],"about":[{"href":"https:\/\/agora.xtec.cat\/escpompeufabra\/wp-json\/wp\/v2\/types\/post"}],"author":[{"embeddable":true,"href":"https:\/\/agora.xtec.cat\/escpompeufabra\/wp-json\/wp\/v2\/users\/1"}],"replies":[{"embeddable":true,"href":"https:\/\/agora.xtec.cat\/escpompeufabra\/wp-json\/wp\/v2\/comments?post=8907"}],"version-history":[{"count":3,"href":"https:\/\/agora.xtec.cat\/escpompeufabra\/wp-json\/wp\/v2\/posts\/8907\/revisions"}],"predecessor-version":[{"id":8912,"href":"https:\/\/agora.xtec.cat\/escpompeufabra\/wp-json\/wp\/v2\/posts\/8907\/revisions\/8912"}],"wp:featuredmedia":[{"embeddable":true,"href":"https:\/\/agora.xtec.cat\/escpompeufabra\/wp-json\/wp\/v2\/media\/8910"}],"wp:attachment":[{"href":"https:\/\/agora.xtec.cat\/escpompeufabra\/wp-json\/wp\/v2\/media?parent=8907"}],"wp:term":[{"taxonomy":"category","embeddable":true,"href":"https:\/\/agora.xtec.cat\/escpompeufabra\/wp-json\/wp\/v2\/categories?post=8907"},{"taxonomy":"post_tag","embeddable":true,"href":"https:\/\/agora.xtec.cat\/escpompeufabra\/wp-json\/wp\/v2\/tags?post=8907"}],"curies":[{"name":"wp","href":"https:\/\/api.w.org\/{rel}","templated":true}]}}