{"id":21081,"date":"2026-04-25T19:57:24","date_gmt":"2026-04-25T17:57:24","guid":{"rendered":"https:\/\/agora.xtec.cat\/escpompeufabra\/?p=21081"},"modified":"2026-04-25T20:05:20","modified_gmt":"2026-04-25T18:05:20","slug":"iii-premis-llegim-en-veu-alta","status":"publish","type":"post","link":"https:\/\/agora.xtec.cat\/escpompeufabra\/primaria\/biblioteca\/iii-premis-llegim-en-veu-alta\/","title":{"rendered":"III Premis Llegim en Veu Alta"},"content":{"rendered":"<p><a href=\"https:\/\/agora.xtec.cat\/escpompeufabra\/wp-content\/uploads\/usu1654\/2026\/04\/IMG_0234-1-scaled.jpg\"><img loading=\"lazy\" decoding=\"async\" class=\"alignnone wp-image-21085\" src=\"https:\/\/agora.xtec.cat\/escpompeufabra\/wp-content\/uploads\/usu1654\/2026\/04\/IMG_0234-1-1024x768.jpg\" alt=\"\" width=\"400\" height=\"300\" srcset=\"https:\/\/agora.xtec.cat\/escpompeufabra\/wp-content\/uploads\/usu1654\/2026\/04\/IMG_0234-1-1024x768.jpg 1024w, https:\/\/agora.xtec.cat\/escpompeufabra\/wp-content\/uploads\/usu1654\/2026\/04\/IMG_0234-1-300x225.jpg 300w, https:\/\/agora.xtec.cat\/escpompeufabra\/wp-content\/uploads\/usu1654\/2026\/04\/IMG_0234-1-768x576.jpg 768w, https:\/\/agora.xtec.cat\/escpompeufabra\/wp-content\/uploads\/usu1654\/2026\/04\/IMG_0234-1-1536x1152.jpg 1536w, https:\/\/agora.xtec.cat\/escpompeufabra\/wp-content\/uploads\/usu1654\/2026\/04\/IMG_0234-1-2048x1536.jpg 2048w, https:\/\/agora.xtec.cat\/escpompeufabra\/wp-content\/uploads\/usu1654\/2026\/04\/IMG_0234-1-200x150.jpg 200w\" sizes=\"auto, (max-width: 400px) 100vw, 400px\" \/><\/a><\/p>\n<p>Un any m\u00e9s, dins dels actes de les Jornades Culturals de l\u2019escola, hem celebrat els III Premis de lectura en veu alta, una activitat que posa en valor el gust per la lectura i l\u2019expressi\u00f3 oral.<\/p>\n<p>Cal destacar la gran implicaci\u00f3 de l\u2019alumnat, que ha participat amb entusiasme i ha demostrat un alt nivell de preparaci\u00f3, esfor\u00e7 i sensibilitat a l\u2019hora de llegir. Llegir en veu alta \u00e9s una eina fonamental per millorar la comprensi\u00f3 lectora, treballar la dicci\u00f3 i l\u2019entonaci\u00f3, i gaudir dels textos compartint-los amb els altres.<\/p>\n<p>Volem felicitar a tots els guanyadors i guanyadores d\u2019aquesta edici\u00f3, aix\u00ed com recon\u00e8ixer la participaci\u00f3 de tot l\u2019alumnat que s\u2019hi ha implicat. Tamb\u00e9 agra\u00efm molt especialment la tasca del jurat, que ho ha tingut molt dif\u00edcil a l\u2019hora de deliberar davant del gran nivell demostrat.<\/p>\n<p>Enhorabona a tots i totes per fer de la lectura una experi\u00e8ncia viva i compartida!<\/p>\n<p>Podeu accedir a les imatges d\u2019aquesta activitat clicant <a href=\"https:\/\/drive.google.com\/drive\/folders\/1TgUdxwwrgJxWohtPrh_BfxbvIWi-cjdI?usp=sharing\" target=\"_blank\" rel=\"noopener\">aqu\u00ed<\/a>.<\/p>\n","protected":false},"excerpt":{"rendered":"<p><a href=\"https:\/\/agora.xtec.cat\/escpompeufabra\/wp-content\/uploads\/usu1654\/2026\/04\/IMG_0234-1-scaled.jpg\"><\/a><br \/>\nUn any m\u00e9s, dins dels actes de les Jornades Culturals de l\u2019escola, hem celebrat els III Premis de lectura en veu alta, una activitat que posa en valor el gust per la lectura i l\u2019expressi\u00f3 oral.<br \/>\nCal destacar la gran implicaci\u00f3 de l\u2019alumnat, que ha&hellip;  <a href=\"https:\/\/agora.xtec.cat\/escpompeufabra\/primaria\/biblioteca\/iii-premis-llegim-en-veu-alta\/\" title=\"Read III Premis Llegim en Veu Alta\">Llegeix m\u00e9s\u00bb<\/a><\/p>\n","protected":false},"author":70,"featured_media":21089,"comment_status":"open","ping_status":"open","sticky":false,"template":"","format":"standard","meta":{"_bbp_topic_count":0,"_bbp_reply_count":0,"_bbp_total_topic_count":0,"_bbp_total_reply_count":0,"_bbp_voice_count":0,"_bbp_anonymous_reply_count":0,"_bbp_topic_count_hidden":0,"_bbp_reply_count_hidden":0,"_bbp_forum_subforum_count":0,"footnotes":""},"categories":[133],"tags":[156,128,154],"class_list":["post-21081","post","type-post","status-publish","format-standard","has-post-thumbnail","hentry","category-biblioteca","tag-fem-biblioteca","tag-biblioteca","tag-premis-llegim-en-veu-alta"],"post_mailing_queue_ids":[],"_links":{"self":[{"href":"https:\/\/agora.xtec.cat\/escpompeufabra\/wp-json\/wp\/v2\/posts\/21081","targetHints":{"allow":["GET"]}}],"collection":[{"href":"https:\/\/agora.xtec.cat\/escpompeufabra\/wp-json\/wp\/v2\/posts"}],"about":[{"href":"https:\/\/agora.xtec.cat\/escpompeufabra\/wp-json\/wp\/v2\/types\/post"}],"author":[{"embeddable":true,"href":"https:\/\/agora.xtec.cat\/escpompeufabra\/wp-json\/wp\/v2\/users\/70"}],"replies":[{"embeddable":true,"href":"https:\/\/agora.xtec.cat\/escpompeufabra\/wp-json\/wp\/v2\/comments?post=21081"}],"version-history":[{"count":2,"href":"https:\/\/agora.xtec.cat\/escpompeufabra\/wp-json\/wp\/v2\/posts\/21081\/revisions"}],"predecessor-version":[{"id":21088,"href":"https:\/\/agora.xtec.cat\/escpompeufabra\/wp-json\/wp\/v2\/posts\/21081\/revisions\/21088"}],"wp:featuredmedia":[{"embeddable":true,"href":"https:\/\/agora.xtec.cat\/escpompeufabra\/wp-json\/wp\/v2\/media\/21089"}],"wp:attachment":[{"href":"https:\/\/agora.xtec.cat\/escpompeufabra\/wp-json\/wp\/v2\/media?parent=21081"}],"wp:term":[{"taxonomy":"category","embeddable":true,"href":"https:\/\/agora.xtec.cat\/escpompeufabra\/wp-json\/wp\/v2\/categories?post=21081"},{"taxonomy":"post_tag","embeddable":true,"href":"https:\/\/agora.xtec.cat\/escpompeufabra\/wp-json\/wp\/v2\/tags?post=21081"}],"curies":[{"name":"wp","href":"https:\/\/api.w.org\/{rel}","templated":true}]}}