{"id":21050,"date":"2026-04-19T20:03:43","date_gmt":"2026-04-19T18:03:43","guid":{"rendered":"https:\/\/agora.xtec.cat\/escpompeufabra\/?p=21050"},"modified":"2026-04-19T20:03:45","modified_gmt":"2026-04-19T18:03:45","slug":"aniversaris-dels-nens-i-nenes-de-la-classe-dels-coets-durant-el-2n-trimestre","status":"publish","type":"post","link":"https:\/\/agora.xtec.cat\/escpompeufabra\/infantil\/blog-p5\/aniversaris-dels-nens-i-nenes-de-la-classe-dels-coets-durant-el-2n-trimestre\/","title":{"rendered":"Aniversaris dels nens i nenes de la classe dels coets durant el 2n trimestre."},"content":{"rendered":"<p class=\"isSelectedEnd\">Durant aquest segon trimestre, alguns infants del grup han celebrat el seu aniversari i ja han fet 6 anys. Ha estat molt bonic poder compartir aquests moments tan especials dins l\u2019aula, plens d\u2019il\u00b7lusi\u00f3, alegria i complicitat.<\/p>\n<p class=\"isSelectedEnd\">Fer anys \u00e9s un pas m\u00e9s en el seu creixement, tant a nivell personal com emocional, i ens encanta poder acompanyar-los en aquest cam\u00ed. A l\u2019escola, aquestes petites celebracions es converteixen en oportunitats per refor\u00e7ar els vincles entre companys i viure experi\u00e8ncies compartides que recordaran amb estima.<\/p>\n<p class=\"isSelectedEnd\">Us agra\u00efm a les fam\u00edlies la vostra col\u00b7laboraci\u00f3 i confian\u00e7a, que fan possible que aquests moments siguin tan significatius.<\/p>\n<p>Per molts anys a tots els nens i nenes que ja han fet 6 anys!<\/p>\n<p><a href=\"https:\/\/drive.google.com\/drive\/folders\/1S3gw06dsXEMUmNdc-aiv5h3Lg0et1bOv?usp=sharing\">https:\/\/drive.google.com\/drive\/folders\/1S3gw06dsXEMUmNdc-aiv5h3Lg0et1bOv?usp=sharing<\/a><\/p>\n","protected":false},"excerpt":{"rendered":"<p>Durant aquest segon trimestre, alguns infants del grup han celebrat el seu aniversari i ja han fet 6 anys. Ha estat molt bonic poder compartir aquests moments tan especials dins l\u2019aula, plens d\u2019il\u00b7lusi\u00f3, alegria i complicitat.<br \/>\nFer anys \u00e9s un pas m\u00e9s en el seu creixement,&hellip;  <a href=\"https:\/\/agora.xtec.cat\/escpompeufabra\/infantil\/blog-p5\/aniversaris-dels-nens-i-nenes-de-la-classe-dels-coets-durant-el-2n-trimestre\/\" title=\"Read Aniversaris dels nens i nenes de la classe dels coets durant el 2n trimestre.\">Llegeix m\u00e9s\u00bb<\/a><\/p>\n","protected":false},"author":69,"featured_media":0,"comment_status":"open","ping_status":"open","sticky":false,"template":"","format":"standard","meta":{"_bbp_topic_count":0,"_bbp_reply_count":0,"_bbp_total_topic_count":0,"_bbp_total_reply_count":0,"_bbp_voice_count":0,"_bbp_anonymous_reply_count":0,"_bbp_topic_count_hidden":0,"_bbp_reply_count_hidden":0,"_bbp_forum_subforum_count":0,"footnotes":""},"categories":[72],"tags":[],"class_list":["post-21050","post","type-post","status-publish","format-standard","hentry","category-blog-p5"],"post_mailing_queue_ids":[],"_links":{"self":[{"href":"https:\/\/agora.xtec.cat\/escpompeufabra\/wp-json\/wp\/v2\/posts\/21050","targetHints":{"allow":["GET"]}}],"collection":[{"href":"https:\/\/agora.xtec.cat\/escpompeufabra\/wp-json\/wp\/v2\/posts"}],"about":[{"href":"https:\/\/agora.xtec.cat\/escpompeufabra\/wp-json\/wp\/v2\/types\/post"}],"author":[{"embeddable":true,"href":"https:\/\/agora.xtec.cat\/escpompeufabra\/wp-json\/wp\/v2\/users\/69"}],"replies":[{"embeddable":true,"href":"https:\/\/agora.xtec.cat\/escpompeufabra\/wp-json\/wp\/v2\/comments?post=21050"}],"version-history":[{"count":1,"href":"https:\/\/agora.xtec.cat\/escpompeufabra\/wp-json\/wp\/v2\/posts\/21050\/revisions"}],"predecessor-version":[{"id":21051,"href":"https:\/\/agora.xtec.cat\/escpompeufabra\/wp-json\/wp\/v2\/posts\/21050\/revisions\/21051"}],"wp:attachment":[{"href":"https:\/\/agora.xtec.cat\/escpompeufabra\/wp-json\/wp\/v2\/media?parent=21050"}],"wp:term":[{"taxonomy":"category","embeddable":true,"href":"https:\/\/agora.xtec.cat\/escpompeufabra\/wp-json\/wp\/v2\/categories?post=21050"},{"taxonomy":"post_tag","embeddable":true,"href":"https:\/\/agora.xtec.cat\/escpompeufabra\/wp-json\/wp\/v2\/tags?post=21050"}],"curies":[{"name":"wp","href":"https:\/\/api.w.org\/{rel}","templated":true}]}}