{"id":18402,"date":"2022-05-03T10:40:23","date_gmt":"2022-05-03T08:40:23","guid":{"rendered":"https:\/\/agora.xtec.cat\/escpiverd\/?p=18402"},"modified":"2022-05-03T10:40:23","modified_gmt":"2022-05-03T08:40:23","slug":"pujada-al-montgri-pomes-i-aglans-4t","status":"publish","type":"post","link":"https:\/\/agora.xtec.cat\/escpiverd\/portada\/pujada-al-montgri-pomes-i-aglans-4t\/","title":{"rendered":"Pujada al Montgr\u00ed, Pomes i Aglans 4t"},"content":{"rendered":"<p style=\"text-align: center;\">Les Pomes i les Aglans han recuperat una excursi\u00f3 al Montgr\u00ed que l&#8217;any passat es van perdre, per culpa de les restriccions covid. Aquest dilluns 2 de maig, vam enfilar el cam\u00ed cap al castell i vam gaudir de les vistes sobre l&#8217;Empord\u00e0 i la nostra comarca i entorn. Tamb\u00e9, va ser un rep\u00e0s de tot all\u00f2 que es va treballar a tercer. A m\u00e9s, vam poder estirar les cames i fer un xic d&#8217;esport. Tothom va pujar i baixar sense problemes! Un cop a baix, vam dinar a la Gola del Ter i vam tornar cap a casa.<a href=\"https:\/\/drive.google.com\/drive\/folders\/1qv88unmRSVgBFMLVyrfdwacbx-IcEKdN?usp=sharing\"><img loading=\"lazy\" decoding=\"async\" class=\"alignnone wp-image-18403 size-full\" src=\"https:\/\/agora.xtec.cat\/escpiverd\/wp-content\/uploads\/usu1610\/2022\/05\/montgri.jpg\" alt=\"\" width=\"800\" height=\"800\" srcset=\"https:\/\/agora.xtec.cat\/escpiverd\/wp-content\/uploads\/usu1610\/2022\/05\/montgri.jpg 800w, https:\/\/agora.xtec.cat\/escpiverd\/wp-content\/uploads\/usu1610\/2022\/05\/montgri-300x300.jpg 300w, https:\/\/agora.xtec.cat\/escpiverd\/wp-content\/uploads\/usu1610\/2022\/05\/montgri-150x150.jpg 150w, https:\/\/agora.xtec.cat\/escpiverd\/wp-content\/uploads\/usu1610\/2022\/05\/montgri-768x768.jpg 768w\" sizes=\"auto, (max-width: 800px) 100vw, 800px\" \/><\/a><\/p>\n","protected":false},"excerpt":{"rendered":"<p>Les Pomes i les Aglans han recuperat una excursi\u00f3 al Montgr\u00ed que l&#8217;any passat es van perdre, per culpa de les restriccions covid. Aquest dilluns 2 de maig, vam enfilar el cam\u00ed cap al castell i vam gaudir de les vistes sobre l&#8217;Empord\u00e0 i la nostra comarca i entorn. Tamb\u00e9, va ser un rep\u00e0s de [&hellip;]<\/p>\n","protected":false},"author":1,"featured_media":18404,"comment_status":"open","ping_status":"closed","sticky":false,"template":"","format":"standard","meta":{"_bbp_topic_count":0,"_bbp_reply_count":0,"_bbp_total_topic_count":0,"_bbp_total_reply_count":0,"_bbp_voice_count":0,"_bbp_anonymous_reply_count":0,"_bbp_topic_count_hidden":0,"_bbp_reply_count_hidden":0,"_bbp_forum_subforum_count":0,"site-sidebar-layout":"default","site-content-layout":"","ast-site-content-layout":"","site-content-style":"default","site-sidebar-style":"default","ast-global-header-display":"","ast-banner-title-visibility":"","ast-main-header-display":"","ast-hfb-above-header-display":"","ast-hfb-below-header-display":"","ast-hfb-mobile-header-display":"","site-post-title":"","ast-breadcrumbs-content":"","ast-featured-img":"","footer-sml-layout":"","theme-transparent-header-meta":"","adv-header-id-meta":"","stick-header-meta":"","header-above-stick-meta":"","header-main-stick-meta":"","header-below-stick-meta":"","astra-migrate-meta-layouts":"default","ast-page-background-enabled":"default","ast-page-background-meta":{"desktop":{"background-color":"var(--ast-global-color-4)","background-image":"","background-repeat":"repeat","background-position":"center center","background-size":"auto","background-attachment":"scroll","background-type":"","background-media":"","overlay-type":"","overlay-color":"","overlay-opacity":"","overlay-gradient":""},"tablet":{"background-color":"","background-image":"","background-repeat":"repeat","background-position":"center center","background-size":"auto","background-attachment":"scroll","background-type":"","background-media":"","overlay-type":"","overlay-color":"","overlay-opacity":"","overlay-gradient":""},"mobile":{"background-color":"","background-image":"","background-repeat":"repeat","background-position":"center center","background-size":"auto","background-attachment":"scroll","background-type":"","background-media":"","overlay-type":"","overlay-color":"","overlay-opacity":"","overlay-gradient":""}},"ast-content-background-meta":{"desktop":{"background-color":"var(--ast-global-color-5)","background-image":"","background-repeat":"repeat","background-position":"center center","background-size":"auto","background-attachment":"scroll","background-type":"","background-media":"","overlay-type":"","overlay-color":"","overlay-opacity":"","overlay-gradient":""},"tablet":{"background-color":"var(--ast-global-color-5)","background-image":"","background-repeat":"repeat","background-position":"center center","background-size":"auto","background-attachment":"scroll","background-type":"","background-media":"","overlay-type":"","overlay-color":"","overlay-opacity":"","overlay-gradient":""},"mobile":{"background-color":"var(--ast-global-color-5)","background-image":"","background-repeat":"repeat","background-position":"center center","background-size":"auto","background-attachment":"scroll","background-type":"","background-media":"","overlay-type":"","overlay-color":"","overlay-opacity":"","overlay-gradient":""}},"footnotes":""},"categories":[4,5,13],"tags":[132,87,90,86,16],"class_list":["post-18402","post","type-post","status-publish","format-standard","has-post-thumbnail","hentry","category-portada","category-primaria","category-4t","tag-4t","tag-aglans","tag-montgri","tag-pomes","tag-sortides"],"post_mailing_queue_ids":[],"_links":{"self":[{"href":"https:\/\/agora.xtec.cat\/escpiverd\/wp-json\/wp\/v2\/posts\/18402","targetHints":{"allow":["GET"]}}],"collection":[{"href":"https:\/\/agora.xtec.cat\/escpiverd\/wp-json\/wp\/v2\/posts"}],"about":[{"href":"https:\/\/agora.xtec.cat\/escpiverd\/wp-json\/wp\/v2\/types\/post"}],"author":[{"embeddable":true,"href":"https:\/\/agora.xtec.cat\/escpiverd\/wp-json\/wp\/v2\/users\/1"}],"replies":[{"embeddable":true,"href":"https:\/\/agora.xtec.cat\/escpiverd\/wp-json\/wp\/v2\/comments?post=18402"}],"version-history":[{"count":1,"href":"https:\/\/agora.xtec.cat\/escpiverd\/wp-json\/wp\/v2\/posts\/18402\/revisions"}],"predecessor-version":[{"id":18405,"href":"https:\/\/agora.xtec.cat\/escpiverd\/wp-json\/wp\/v2\/posts\/18402\/revisions\/18405"}],"wp:featuredmedia":[{"embeddable":true,"href":"https:\/\/agora.xtec.cat\/escpiverd\/wp-json\/wp\/v2\/media\/18404"}],"wp:attachment":[{"href":"https:\/\/agora.xtec.cat\/escpiverd\/wp-json\/wp\/v2\/media?parent=18402"}],"wp:term":[{"taxonomy":"category","embeddable":true,"href":"https:\/\/agora.xtec.cat\/escpiverd\/wp-json\/wp\/v2\/categories?post=18402"},{"taxonomy":"post_tag","embeddable":true,"href":"https:\/\/agora.xtec.cat\/escpiverd\/wp-json\/wp\/v2\/tags?post=18402"}],"curies":[{"name":"wp","href":"https:\/\/api.w.org\/{rel}","templated":true}]}}