{"id":18167,"date":"2022-04-20T11:57:34","date_gmt":"2022-04-20T09:57:34","guid":{"rendered":"https:\/\/agora.xtec.cat\/escpiverd\/?p=18167"},"modified":"2022-06-30T09:54:54","modified_gmt":"2022-06-30T07:54:54","slug":"portes-obertes-2022","status":"publish","type":"post","link":"https:\/\/agora.xtec.cat\/escpiverd\/general\/portes-obertes-2022\/","title":{"rendered":"MATR\u00cdCULA CURS 22\/23"},"content":{"rendered":"<p><a href=\"https:\/\/agora.xtec.cat\/escpiverd\/wp-content\/uploads\/usu1610\/2022\/04\/rect473.png\"><img loading=\"lazy\" decoding=\"async\" class=\"size-large wp-image-18475 aligncenter\" src=\"https:\/\/agora.xtec.cat\/escpiverd\/wp-content\/uploads\/usu1610\/2022\/04\/rect473-1024x314.png\" alt=\"\" width=\"1024\" height=\"314\" srcset=\"https:\/\/agora.xtec.cat\/escpiverd\/wp-content\/uploads\/usu1610\/2022\/04\/rect473-1024x314.png 1024w, https:\/\/agora.xtec.cat\/escpiverd\/wp-content\/uploads\/usu1610\/2022\/04\/rect473-300x92.png 300w, https:\/\/agora.xtec.cat\/escpiverd\/wp-content\/uploads\/usu1610\/2022\/04\/rect473-768x236.png 768w, https:\/\/agora.xtec.cat\/escpiverd\/wp-content\/uploads\/usu1610\/2022\/04\/rect473-1536x471.png 1536w, https:\/\/agora.xtec.cat\/escpiverd\/wp-content\/uploads\/usu1610\/2022\/04\/rect473-2048x628.png 2048w\" sizes=\"auto, (max-width: 1024px) 100vw, 1024px\" \/><\/a><\/p>\n<p>Podeu demanar cita pr\u00e8via per realitzar la matr\u00edcula al centre per al curs 2022-23. Recordeu que <strong>tamb\u00e9 caldr\u00e0 portar<\/strong>:<\/p>\n<ul>\n<li>Dues fotografies de carnet de l&#8217;infant.<\/li>\n<\/ul>\n<p>Els seg\u00fcents documents, originals i fotoc\u00f2pia de:<\/p>\n<ul>\n<li>Llibre de fam\u00edlia<\/li>\n<li>Identificaci\u00f3 dels progenitors (DNI, NIE o Passaport)<\/li>\n<li>Targeta sanit\u00e0ria de l&#8217;infant.<\/li>\n<li>Si el\/la menor t\u00e9 DNI, NIE o Passaport, tamb\u00e9.<\/li>\n<\/ul>\n<p><!--more--><\/p>\n<p>A dia 10\/06\/22, es publica la llista definitiva d&#8217;alumnes assignats al centre, aix\u00ed com la llista d&#8217;espera. Podeu accedir tamb\u00e9 a la <a href=\"https:\/\/drive.google.com\/file\/d\/18SmDCPpqs04P35jZn0rC4vrMmnPOKTcY\/view?usp=sharing\">llista d&#8217;alumnes assignats en aquest enlla\u00e7<\/a> i a la <a href=\"https:\/\/drive.google.com\/file\/d\/1NuOPBpvIDTsEythGZ46_sGO0R2sfh75r\/view?usp=sharing\">llista d&#8217;espera en aquest<\/a>.<\/p>\n<p style=\"text-align: center;\"><iframe loading=\"lazy\" src=\"https:\/\/drive.google.com\/file\/d\/18SmDCPpqs04P35jZn0rC4vrMmnPOKTcY\/preview\" width=\"640\" height=\"480\"><\/iframe><\/p>\n<p style=\"text-align: center;\"><iframe loading=\"lazy\" src=\"https:\/\/drive.google.com\/file\/d\/1NuOPBpvIDTsEythGZ46_sGO0R2sfh75r\/preview\" width=\"640\" height=\"480\"><\/iframe><\/p>\n<p style=\"text-align: left;\">A dia 9\/06\/22, es publica l&#8217;oferta definitiva de places.<a href=\"https:\/\/drive.google.com\/file\/d\/1SGVTgox35B8R7R6QXVmh0CYeSiI07CRC\/view?usp=sharing\"> Podeu veure-les en aquest enlla\u00e7<\/a>.<\/p>\n<p>Es publica la llista definitiva de preinscripcions ordenada. <a href=\"https:\/\/drive.google.com\/file\/d\/113UnkRH5xiommST67zA_ddxNwsc2S5PW\/view?usp=sharing\">Podeu accedir al document a trav\u00e9s d&#8217;aquest enlla\u00e7<\/a>.<\/p>\n<p>A dia de 9 de maig, es publica el n\u00famero de desempat, <strong>que \u00e9s el 1.013<\/strong><\/p>\n<p>El termini de preinscripci\u00f3 est\u00e0 tancat. Podeu seguir accedint al portal <strong><a href=\"https:\/\/preinscripcio.gencat.cat\/ca\/inici\/\">preinscripci\u00f3.gencat.cat<\/a><\/strong> per a m\u00e9s informacions.<\/p>\n<p>Si voleu, podeu escoltar els <a href=\"https:\/\/preinscripcio.gencat.cat\/ca\/estudis\/infantil-3-6\/ajuda\/pindoles-multimedia\/\"><strong>podcasts del Departament<\/strong><\/a> on us explicaran tot all\u00f2 relatiu a la preinscripci\u00f3, assignaci\u00f3 de places, matr\u00edcula, etc\u00e8tera.<\/p>\n<p style=\"text-align: center;\"><iframe loading=\"lazy\" src=\"https:\/\/drive.google.com\/file\/d\/113UnkRH5xiommST67zA_ddxNwsc2S5PW\/preview\" width=\"80%\" height=\"800\"><span data-mce-type=\"bookmark\" style=\"display: inline-block; width: 0px; overflow: hidden; line-height: 0;\" class=\"mce_SELRES_start\">\ufeff<\/span><\/iframe><\/p>\n","protected":false},"excerpt":{"rendered":"<p>Podeu demanar cita pr\u00e8via per realitzar la matr\u00edcula al centre per al curs 2022-23. Recordeu que tamb\u00e9 caldr\u00e0 portar: Dues fotografies de carnet de l&#8217;infant. Els seg\u00fcents documents, originals i fotoc\u00f2pia de: Llibre de fam\u00edlia Identificaci\u00f3 dels progenitors (DNI, NIE o Passaport) Targeta sanit\u00e0ria de l&#8217;infant. Si el\/la menor t\u00e9 DNI, NIE o Passaport, tamb\u00e9.<\/p>\n","protected":false},"author":1,"featured_media":18360,"comment_status":"open","ping_status":"closed","sticky":false,"template":"","format":"standard","meta":{"_bbp_topic_count":0,"_bbp_reply_count":0,"_bbp_total_topic_count":0,"_bbp_total_reply_count":0,"_bbp_voice_count":0,"_bbp_anonymous_reply_count":0,"_bbp_topic_count_hidden":0,"_bbp_reply_count_hidden":0,"_bbp_forum_subforum_count":0,"site-sidebar-layout":"default","site-content-layout":"","ast-site-content-layout":"","site-content-style":"default","site-sidebar-style":"default","ast-global-header-display":"","ast-banner-title-visibility":"","ast-main-header-display":"","ast-hfb-above-header-display":"","ast-hfb-below-header-display":"","ast-hfb-mobile-header-display":"","site-post-title":"","ast-breadcrumbs-content":"","ast-featured-img":"","footer-sml-layout":"","theme-transparent-header-meta":"","adv-header-id-meta":"","stick-header-meta":"","header-above-stick-meta":"","header-main-stick-meta":"","header-below-stick-meta":"","astra-migrate-meta-layouts":"default","ast-page-background-enabled":"default","ast-page-background-meta":{"desktop":{"background-color":"var(--ast-global-color-4)","background-image":"","background-repeat":"repeat","background-position":"center center","background-size":"auto","background-attachment":"scroll","background-type":"","background-media":"","overlay-type":"","overlay-color":"","overlay-opacity":"","overlay-gradient":""},"tablet":{"background-color":"","background-image":"","background-repeat":"repeat","background-position":"center center","background-size":"auto","background-attachment":"scroll","background-type":"","background-media":"","overlay-type":"","overlay-color":"","overlay-opacity":"","overlay-gradient":""},"mobile":{"background-color":"","background-image":"","background-repeat":"repeat","background-position":"center center","background-size":"auto","background-attachment":"scroll","background-type":"","background-media":"","overlay-type":"","overlay-color":"","overlay-opacity":"","overlay-gradient":""}},"ast-content-background-meta":{"desktop":{"background-color":"var(--ast-global-color-5)","background-image":"","background-repeat":"repeat","background-position":"center center","background-size":"auto","background-attachment":"scroll","background-type":"","background-media":"","overlay-type":"","overlay-color":"","overlay-opacity":"","overlay-gradient":""},"tablet":{"background-color":"var(--ast-global-color-5)","background-image":"","background-repeat":"repeat","background-position":"center center","background-size":"auto","background-attachment":"scroll","background-type":"","background-media":"","overlay-type":"","overlay-color":"","overlay-opacity":"","overlay-gradient":""},"mobile":{"background-color":"var(--ast-global-color-5)","background-image":"","background-repeat":"repeat","background-position":"center center","background-size":"auto","background-attachment":"scroll","background-type":"","background-media":"","overlay-type":"","overlay-color":"","overlay-opacity":"","overlay-gradient":""}},"footnotes":""},"categories":[1],"tags":[],"class_list":["post-18167","post","type-post","status-publish","format-standard","has-post-thumbnail","hentry","category-general"],"post_mailing_queue_ids":[],"_links":{"self":[{"href":"https:\/\/agora.xtec.cat\/escpiverd\/wp-json\/wp\/v2\/posts\/18167","targetHints":{"allow":["GET"]}}],"collection":[{"href":"https:\/\/agora.xtec.cat\/escpiverd\/wp-json\/wp\/v2\/posts"}],"about":[{"href":"https:\/\/agora.xtec.cat\/escpiverd\/wp-json\/wp\/v2\/types\/post"}],"author":[{"embeddable":true,"href":"https:\/\/agora.xtec.cat\/escpiverd\/wp-json\/wp\/v2\/users\/1"}],"replies":[{"embeddable":true,"href":"https:\/\/agora.xtec.cat\/escpiverd\/wp-json\/wp\/v2\/comments?post=18167"}],"version-history":[{"count":4,"href":"https:\/\/agora.xtec.cat\/escpiverd\/wp-json\/wp\/v2\/posts\/18167\/revisions"}],"predecessor-version":[{"id":18531,"href":"https:\/\/agora.xtec.cat\/escpiverd\/wp-json\/wp\/v2\/posts\/18167\/revisions\/18531"}],"wp:featuredmedia":[{"embeddable":true,"href":"https:\/\/agora.xtec.cat\/escpiverd\/wp-json\/wp\/v2\/media\/18360"}],"wp:attachment":[{"href":"https:\/\/agora.xtec.cat\/escpiverd\/wp-json\/wp\/v2\/media?parent=18167"}],"wp:term":[{"taxonomy":"category","embeddable":true,"href":"https:\/\/agora.xtec.cat\/escpiverd\/wp-json\/wp\/v2\/categories?post=18167"},{"taxonomy":"post_tag","embeddable":true,"href":"https:\/\/agora.xtec.cat\/escpiverd\/wp-json\/wp\/v2\/tags?post=18167"}],"curies":[{"name":"wp","href":"https:\/\/api.w.org\/{rel}","templated":true}]}}