{"id":8359,"date":"2026-09-02T10:31:19","date_gmt":"2026-09-02T08:31:19","guid":{"rendered":"https:\/\/agora.xtec.cat\/escparcdelsaladar\/?p=8359"},"modified":"2026-09-02T10:31:19","modified_gmt":"2026-09-02T08:31:19","slug":"el-programa-faig-premi-delta-cultura-dor-2026","status":"publish","type":"post","link":"https:\/\/agora.xtec.cat\/escparcdelsaladar\/general\/el-programa-faig-premi-delta-cultura-dor-2026\/","title":{"rendered":"El programa FAIG: Premi Delta Cultura d\u2019Or 2026"},"content":{"rendered":"<p class=\"isSelectedEnd\">El programa <strong>FAIG (Fent per Aprendre Imaginant Globalment)<\/strong> ha rebut el <strong>Premi Delta Cultura d\u2019Or 2026<\/strong>, un reconeixement que posa en valor una manera d\u2019aprendre basada en la creativitat, l\u2019experimentaci\u00f3 i el fet de crear i aprendre fent.<\/p>\n<p class=\"isSelectedEnd\">Durant aquests anys, les escoles que formem part del programa hem desenvolupat molts projectes diferents. <strong>Un d\u2019aquests projectes \u00e9s el que hem dut a terme a la nostra escola, dins del projecte maker, i que ha estat un dels exemples presentats per mostrar al jurat com es treballa el FAIG als centres educatius.<\/strong><\/p>\n<p><iframe loading=\"lazy\" title=\"YouTube video player\" src=\"https:\/\/www.youtube.com\/embed\/WTbwVmq2BLQ?si=zQauR4Q3iiFOA3Ql\" width=\"560\" height=\"315\" frameborder=\"0\" allowfullscreen=\"allowfullscreen\"><\/iframe><\/p>\n<p class=\"isSelectedEnd\">A trav\u00e9s d\u2019aquest projecte, els nostres alumnes han pogut imaginar, investigar, provar materials i eines, construir, equivocar-se i tornar-ho a intentar. En definitiva, <strong>aprendre fent i donant forma a les seves pr\u00f2pies idees<\/strong>.<\/p>\n<p class=\"isSelectedEnd\">El premi \u00e9s un reconeixement a tot el programa i a la feina de moltes escoles, mestres i alumnes. Per\u00f2 tamb\u00e9 \u00e9s una bona not\u00edcia per a la nostra escola, perqu\u00e8 <strong>una part de la feina que fem a les nostres aules ha contribu\u00eft a explicar i fer visible el projecte FAIG<\/strong>.<\/p>\n<p class=\"isSelectedEnd\">I encara hi ha una altra manera de con\u00e8ixer aquest reconeixement: els projectes es poden veure al <a href=\"https:\/\/www.dissenyhub.barcelona\/ca\/exposicio\/premis-delta-2026\"><strong>Disseny Hub Barcelona<\/strong>, dins de l\u2019exposici\u00f3 dels Premis FAD, que es podr\u00e0 visitar fins al <strong>6 de setembre<\/strong>.<\/a><\/p>\n<p>Una bona oportunitat per veure com <strong>la creativitat, el disseny i la manera de fer pr\u00f2pia de la cultura maker tamb\u00e9 poden formar part de l\u2019aprenentatge a l\u2019escola.<\/strong><\/p>\n","protected":false},"excerpt":{"rendered":"<p>El programa FAIG ha estat reconegut amb el Premi Delta Cultura d\u2019Or 2026, posant en valor una manera d\u2019aprendre basada en la creativitat, l\u2019experimentaci\u00f3 i el fer. El projecte maker de la nostra escola ha estat un dels exemples presentats per mostrar la feina que es desenvolupa als centres participants.<\/p>\n","protected":false},"author":6,"featured_media":8360,"comment_status":"open","ping_status":"open","sticky":false,"template":"","format":"standard","meta":{"_bbp_topic_count":0,"_bbp_reply_count":0,"_bbp_total_topic_count":0,"_bbp_total_reply_count":0,"_bbp_voice_count":0,"_bbp_anonymous_reply_count":0,"_bbp_topic_count_hidden":0,"_bbp_reply_count_hidden":0,"_bbp_forum_subforum_count":0,"site-sidebar-layout":"default","site-content-layout":"","ast-site-content-layout":"default","site-content-style":"default","site-sidebar-style":"default","ast-global-header-display":"","ast-banner-title-visibility":"","ast-main-header-display":"","ast-hfb-above-header-display":"","ast-hfb-below-header-display":"","ast-hfb-mobile-header-display":"","site-post-title":"","ast-breadcrumbs-content":"","ast-featured-img":"","footer-sml-layout":"","theme-transparent-header-meta":"default","adv-header-id-meta":"","stick-header-meta":"","header-above-stick-meta":"","header-main-stick-meta":"","header-below-stick-meta":"","astra-migrate-meta-layouts":"set","ast-page-background-enabled":"default","ast-page-background-meta":{"desktop":{"background-color":"var(--ast-global-color-4)","background-image":"","background-repeat":"repeat","background-position":"center center","background-size":"auto","background-attachment":"scroll","background-type":"","background-media":"","overlay-type":"","overlay-color":"","overlay-opacity":"","overlay-gradient":""},"tablet":{"background-color":"","background-image":"","background-repeat":"repeat","background-position":"center center","background-size":"auto","background-attachment":"scroll","background-type":"","background-media":"","overlay-type":"","overlay-color":"","overlay-opacity":"","overlay-gradient":""},"mobile":{"background-color":"","background-image":"","background-repeat":"repeat","background-position":"center center","background-size":"auto","background-attachment":"scroll","background-type":"","background-media":"","overlay-type":"","overlay-color":"","overlay-opacity":"","overlay-gradient":""}},"ast-content-background-meta":{"desktop":{"background-color":"var(--ast-global-color-5)","background-image":"","background-repeat":"repeat","background-position":"center center","background-size":"auto","background-attachment":"scroll","background-type":"","background-media":"","overlay-type":"","overlay-color":"","overlay-opacity":"","overlay-gradient":""},"tablet":{"background-color":"var(--ast-global-color-5)","background-image":"","background-repeat":"repeat","background-position":"center center","background-size":"auto","background-attachment":"scroll","background-type":"","background-media":"","overlay-type":"","overlay-color":"","overlay-opacity":"","overlay-gradient":""},"mobile":{"background-color":"var(--ast-global-color-5)","background-image":"","background-repeat":"repeat","background-position":"center center","background-size":"auto","background-attachment":"scroll","background-type":"","background-media":"","overlay-type":"","overlay-color":"","overlay-opacity":"","overlay-gradient":""}},"footnotes":""},"categories":[1,4,5],"tags":[144,180,72,195],"class_list":["post-8359","post","type-post","status-publish","format-standard","has-post-thumbnail","hentry","category-general","category-portada","category-primaria","tag-faig","tag-maker","tag-projecte","tag-projecte-maker"],"post_mailing_queue_ids":[],"_links":{"self":[{"href":"https:\/\/agora.xtec.cat\/escparcdelsaladar\/wp-json\/wp\/v2\/posts\/8359","targetHints":{"allow":["GET"]}}],"collection":[{"href":"https:\/\/agora.xtec.cat\/escparcdelsaladar\/wp-json\/wp\/v2\/posts"}],"about":[{"href":"https:\/\/agora.xtec.cat\/escparcdelsaladar\/wp-json\/wp\/v2\/types\/post"}],"author":[{"embeddable":true,"href":"https:\/\/agora.xtec.cat\/escparcdelsaladar\/wp-json\/wp\/v2\/users\/6"}],"replies":[{"embeddable":true,"href":"https:\/\/agora.xtec.cat\/escparcdelsaladar\/wp-json\/wp\/v2\/comments?post=8359"}],"version-history":[{"count":2,"href":"https:\/\/agora.xtec.cat\/escparcdelsaladar\/wp-json\/wp\/v2\/posts\/8359\/revisions"}],"predecessor-version":[{"id":8362,"href":"https:\/\/agora.xtec.cat\/escparcdelsaladar\/wp-json\/wp\/v2\/posts\/8359\/revisions\/8362"}],"wp:featuredmedia":[{"embeddable":true,"href":"https:\/\/agora.xtec.cat\/escparcdelsaladar\/wp-json\/wp\/v2\/media\/8360"}],"wp:attachment":[{"href":"https:\/\/agora.xtec.cat\/escparcdelsaladar\/wp-json\/wp\/v2\/media?parent=8359"}],"wp:term":[{"taxonomy":"category","embeddable":true,"href":"https:\/\/agora.xtec.cat\/escparcdelsaladar\/wp-json\/wp\/v2\/categories?post=8359"},{"taxonomy":"post_tag","embeddable":true,"href":"https:\/\/agora.xtec.cat\/escparcdelsaladar\/wp-json\/wp\/v2\/tags?post=8359"}],"curies":[{"name":"wp","href":"https:\/\/api.w.org\/{rel}","templated":true}]}}