{"id":8178,"date":"2026-04-30T16:31:50","date_gmt":"2026-04-30T14:31:50","guid":{"rendered":"https:\/\/agora.xtec.cat\/escparcdelsaladar\/?p=8178"},"modified":"2026-04-30T16:31:50","modified_gmt":"2026-04-30T14:31:50","slug":"english-day","status":"publish","type":"post","link":"https:\/\/agora.xtec.cat\/escparcdelsaladar\/general\/english-day\/","title":{"rendered":"ENGLISH DAY"},"content":{"rendered":"<p class=\"isSelectedEnd\">Avui a l\u2019escola hem celebrat l\u2019esperat English Day, una jornada plena d\u2019il\u00b7lusi\u00f3, riures i, sobretot, molt d\u2019angl\u00e8s!<\/p>\n<p class=\"isSelectedEnd\">Els nostres alumnes han tingut l\u2019oportunitat de gaudir de tres obres de teatre molt divertides i adaptades a cada etapa educativa.<\/p>\n<p class=\"isSelectedEnd\">Els m\u00e9s petits, d\u2019I5 i cicle inicial, s\u2019ho han passat d\u2019all\u00f2 m\u00e9s b\u00e9 amb<strong> \u201cWanda the Witch\u201d<\/strong>, una hist\u00f2ria m\u00e0gica plena d\u2019encanteris, sorpreses i moments molt divertits que els ha fet volar la imaginaci\u00f3.<\/p>\n<p class=\"isSelectedEnd\">Els alumnes de cicle mitj\u00e0 s\u2019han endinsat a la selva amb <strong>\u201cTarzan\u201d<\/strong>, una aventura emocionant que els ha mantingut ben atents i participatius, tot practicant l\u2019angl\u00e8s d\u2019una manera din\u00e0mica i entretinguda.<\/p>\n<p class=\"isSelectedEnd\">Finalment, els alumnes de cicle superior han resolt enigmes i superat reptes amb <a href=\"https:\/\/agora.xtec.cat\/escparcdelsaladar\/wp-content\/uploads\/usu1024\/2026\/04\/IMG-20260430-WA0064.jpg\"><img loading=\"lazy\" decoding=\"async\" class=\"alignnone size-large wp-image-8179\" src=\"https:\/\/agora.xtec.cat\/escparcdelsaladar\/wp-content\/uploads\/usu1024\/2026\/04\/IMG-20260430-WA0064-1024x768.jpg\" alt=\"\" width=\"1024\" height=\"768\" srcset=\"https:\/\/agora.xtec.cat\/escparcdelsaladar\/wp-content\/uploads\/usu1024\/2026\/04\/IMG-20260430-WA0064-1024x768.jpg 1024w, https:\/\/agora.xtec.cat\/escparcdelsaladar\/wp-content\/uploads\/usu1024\/2026\/04\/IMG-20260430-WA0064-300x225.jpg 300w, https:\/\/agora.xtec.cat\/escparcdelsaladar\/wp-content\/uploads\/usu1024\/2026\/04\/IMG-20260430-WA0064-768x576.jpg 768w, https:\/\/agora.xtec.cat\/escparcdelsaladar\/wp-content\/uploads\/usu1024\/2026\/04\/IMG-20260430-WA0064-1536x1152.jpg 1536w, https:\/\/agora.xtec.cat\/escparcdelsaladar\/wp-content\/uploads\/usu1024\/2026\/04\/IMG-20260430-WA0064.jpg 2040w\" sizes=\"auto, (max-width: 1024px) 100vw, 1024px\" \/><\/a> <a href=\"https:\/\/agora.xtec.cat\/escparcdelsaladar\/wp-content\/uploads\/usu1024\/2026\/04\/IMG-20260430-WA0020.jpg\"><img loading=\"lazy\" decoding=\"async\" class=\"alignnone size-large wp-image-8180\" src=\"https:\/\/agora.xtec.cat\/escparcdelsaladar\/wp-content\/uploads\/usu1024\/2026\/04\/IMG-20260430-WA0020-1024x768.jpg\" alt=\"\" width=\"1024\" height=\"768\" srcset=\"https:\/\/agora.xtec.cat\/escparcdelsaladar\/wp-content\/uploads\/usu1024\/2026\/04\/IMG-20260430-WA0020-1024x768.jpg 1024w, https:\/\/agora.xtec.cat\/escparcdelsaladar\/wp-content\/uploads\/usu1024\/2026\/04\/IMG-20260430-WA0020-300x225.jpg 300w, https:\/\/agora.xtec.cat\/escparcdelsaladar\/wp-content\/uploads\/usu1024\/2026\/04\/IMG-20260430-WA0020-768x576.jpg 768w, https:\/\/agora.xtec.cat\/escparcdelsaladar\/wp-content\/uploads\/usu1024\/2026\/04\/IMG-20260430-WA0020-1536x1152.jpg 1536w, https:\/\/agora.xtec.cat\/escparcdelsaladar\/wp-content\/uploads\/usu1024\/2026\/04\/IMG-20260430-WA0020.jpg 2000w\" sizes=\"auto, (max-width: 1024px) 100vw, 1024px\" \/><\/a>, una obra plena de misteri que els ha fet pensar i gaudir al mateix temps.<\/p>\n<p class=\"isSelectedEnd\">Ha estat un dia fant\u00e0stic on hem apr\u00e8s angl\u00e8s d\u2019una manera diferent, divertida i vivencial. Sens dubte, experi\u00e8ncies com aquesta ens recorden que aprendre pot ser una gran aventura!<\/p>\n<p>See you next English Day! Keep learning and having fun!<\/p>\n","protected":false},"excerpt":{"rendered":"<p>Avui a l\u2019escola hem celebrat l\u2019esperat English Day, una jornada plena d\u2019il\u00b7lusi\u00f3, riures i, sobretot, molt d\u2019angl\u00e8s! Els nostres alumnes han tingut l\u2019oportunitat de gaudir de tres obres de teatre molt divertides i adaptades a cada etapa educativa. Els m\u00e9s petits, d\u2019I5 i cicle inicial, s\u2019ho han passat d\u2019all\u00f2 m\u00e9s b\u00e9 amb \u201cWanda the Witch\u201d, [&hellip;]<\/p>\n","protected":false},"author":1,"featured_media":8180,"comment_status":"open","ping_status":"open","sticky":false,"template":"","format":"standard","meta":{"_bbp_topic_count":0,"_bbp_reply_count":0,"_bbp_total_topic_count":0,"_bbp_total_reply_count":0,"_bbp_voice_count":0,"_bbp_anonymous_reply_count":0,"_bbp_topic_count_hidden":0,"_bbp_reply_count_hidden":0,"_bbp_forum_subforum_count":0,"site-sidebar-layout":"default","site-content-layout":"","ast-site-content-layout":"default","site-content-style":"default","site-sidebar-style":"default","ast-global-header-display":"","ast-banner-title-visibility":"","ast-main-header-display":"","ast-hfb-above-header-display":"","ast-hfb-below-header-display":"","ast-hfb-mobile-header-display":"","site-post-title":"","ast-breadcrumbs-content":"","ast-featured-img":"","footer-sml-layout":"","theme-transparent-header-meta":"default","adv-header-id-meta":"","stick-header-meta":"","header-above-stick-meta":"","header-main-stick-meta":"","header-below-stick-meta":"","astra-migrate-meta-layouts":"set","ast-page-background-enabled":"default","ast-page-background-meta":{"desktop":{"background-color":"var(--ast-global-color-4)","background-image":"","background-repeat":"repeat","background-position":"center center","background-size":"auto","background-attachment":"scroll","background-type":"","background-media":"","overlay-type":"","overlay-color":"","overlay-opacity":"","overlay-gradient":""},"tablet":{"background-color":"","background-image":"","background-repeat":"repeat","background-position":"center center","background-size":"auto","background-attachment":"scroll","background-type":"","background-media":"","overlay-type":"","overlay-color":"","overlay-opacity":"","overlay-gradient":""},"mobile":{"background-color":"","background-image":"","background-repeat":"repeat","background-position":"center center","background-size":"auto","background-attachment":"scroll","background-type":"","background-media":"","overlay-type":"","overlay-color":"","overlay-opacity":"","overlay-gradient":""}},"ast-content-background-meta":{"desktop":{"background-color":"var(--ast-global-color-5)","background-image":"","background-repeat":"repeat","background-position":"center center","background-size":"auto","background-attachment":"scroll","background-type":"","background-media":"","overlay-type":"","overlay-color":"","overlay-opacity":"","overlay-gradient":""},"tablet":{"background-color":"var(--ast-global-color-5)","background-image":"","background-repeat":"repeat","background-position":"center center","background-size":"auto","background-attachment":"scroll","background-type":"","background-media":"","overlay-type":"","overlay-color":"","overlay-opacity":"","overlay-gradient":""},"mobile":{"background-color":"var(--ast-global-color-5)","background-image":"","background-repeat":"repeat","background-position":"center center","background-size":"auto","background-attachment":"scroll","background-type":"","background-media":"","overlay-type":"","overlay-color":"","overlay-opacity":"","overlay-gradient":""}},"footnotes":""},"categories":[1,2,4,5],"tags":[],"class_list":["post-8178","post","type-post","status-publish","format-standard","has-post-thumbnail","hentry","category-general","category-infantil","category-portada","category-primaria"],"post_mailing_queue_ids":[],"_links":{"self":[{"href":"https:\/\/agora.xtec.cat\/escparcdelsaladar\/wp-json\/wp\/v2\/posts\/8178","targetHints":{"allow":["GET"]}}],"collection":[{"href":"https:\/\/agora.xtec.cat\/escparcdelsaladar\/wp-json\/wp\/v2\/posts"}],"about":[{"href":"https:\/\/agora.xtec.cat\/escparcdelsaladar\/wp-json\/wp\/v2\/types\/post"}],"author":[{"embeddable":true,"href":"https:\/\/agora.xtec.cat\/escparcdelsaladar\/wp-json\/wp\/v2\/users\/1"}],"replies":[{"embeddable":true,"href":"https:\/\/agora.xtec.cat\/escparcdelsaladar\/wp-json\/wp\/v2\/comments?post=8178"}],"version-history":[{"count":1,"href":"https:\/\/agora.xtec.cat\/escparcdelsaladar\/wp-json\/wp\/v2\/posts\/8178\/revisions"}],"predecessor-version":[{"id":8181,"href":"https:\/\/agora.xtec.cat\/escparcdelsaladar\/wp-json\/wp\/v2\/posts\/8178\/revisions\/8181"}],"wp:featuredmedia":[{"embeddable":true,"href":"https:\/\/agora.xtec.cat\/escparcdelsaladar\/wp-json\/wp\/v2\/media\/8180"}],"wp:attachment":[{"href":"https:\/\/agora.xtec.cat\/escparcdelsaladar\/wp-json\/wp\/v2\/media?parent=8178"}],"wp:term":[{"taxonomy":"category","embeddable":true,"href":"https:\/\/agora.xtec.cat\/escparcdelsaladar\/wp-json\/wp\/v2\/categories?post=8178"},{"taxonomy":"post_tag","embeddable":true,"href":"https:\/\/agora.xtec.cat\/escparcdelsaladar\/wp-json\/wp\/v2\/tags?post=8178"}],"curies":[{"name":"wp","href":"https:\/\/api.w.org\/{rel}","templated":true}]}}