{"id":6601,"date":"2024-06-11T14:54:27","date_gmt":"2024-06-11T12:54:27","guid":{"rendered":"https:\/\/agora.xtec.cat\/escparcdelsaladar\/?p=6601"},"modified":"2024-06-11T14:54:27","modified_gmt":"2024-06-11T12:54:27","slug":"pla-lector-i4-avui-el-conte-lexplico-jo-7","status":"publish","type":"post","link":"https:\/\/agora.xtec.cat\/escparcdelsaladar\/general\/pla-lector-i4-avui-el-conte-lexplico-jo-7\/","title":{"rendered":"Pla lector I4: &#8220;avui el conte l&#8217;explico jo&#8221;"},"content":{"rendered":"<p>Hem arribat al final del pla lector d&#8217;I4! Recordem que els llibres ens transporten a altres mons, \u00e8poques i realitats. A trav\u00e9s de la lectura, podem viure aventures i con\u00e8ixer personatges fascinants, desitgem que aquestes hist\u00f2ries tamb\u00e9 arribin a casa dels vostres fills\/es.<\/p>\n<p>Han viscut aquesta experi\u00e8ncia amb il\u00b7lusi\u00f3 i entusiasme recordant el treball que hi ha hagut darrere amb tots vosaltres. Els felicitem per la feina feta i la seva dedicaci\u00f3.<\/p>\n<p>En aquesta ocasi\u00f3, els contes seleccionats han estat els seg\u00fcents:<\/p>\n<p>&#8220;El monstre de colors&#8221;, &#8220;El conillet de pasqua&#8221;, &#8220;Les aventures dels bessons Freeic&#8221;, &#8220;Cucs&#8221;, &#8220;La caputxeta vermella&#8221;, &#8220;Frozen&#8221;, &#8220;Blancaneus&#8221;, &#8220;El conillet&#8221;.<\/p>\n<p><a href=\"https:\/\/agora.xtec.cat\/escparcdelsaladar\/wp-content\/uploads\/usu1024\/2024\/06\/Pla-lector.png\"><img loading=\"lazy\" decoding=\"async\" class=\"alignnone size-large wp-image-6602\" src=\"https:\/\/agora.xtec.cat\/escparcdelsaladar\/wp-content\/uploads\/usu1024\/2024\/06\/Pla-lector-1024x819.png\" alt=\"\" width=\"1024\" height=\"819\" srcset=\"https:\/\/agora.xtec.cat\/escparcdelsaladar\/wp-content\/uploads\/usu1024\/2024\/06\/Pla-lector-1024x819.png 1024w, https:\/\/agora.xtec.cat\/escparcdelsaladar\/wp-content\/uploads\/usu1024\/2024\/06\/Pla-lector-300x240.png 300w, https:\/\/agora.xtec.cat\/escparcdelsaladar\/wp-content\/uploads\/usu1024\/2024\/06\/Pla-lector-768x614.png 768w, https:\/\/agora.xtec.cat\/escparcdelsaladar\/wp-content\/uploads\/usu1024\/2024\/06\/Pla-lector.png 1500w\" sizes=\"auto, (max-width: 1024px) 100vw, 1024px\" \/><\/a><\/p>\n<p>Tot seguit us mostrem el v\u00eddeo realitzat amb els \u00faltims alumnes del pla lector. Moltes gr\u00e0cies, fins aviat!<\/p>\n<div style=\"width: 854px;\" class=\"wp-video\"><!--[if lt IE 9]><script>document.createElement('video');<\/script><![endif]-->\n<video class=\"wp-video-shortcode\" id=\"video-6601-1\" width=\"854\" height=\"480\" preload=\"metadata\" controls=\"controls\"><source type=\"video\/mp4\" src=\"https:\/\/agora.xtec.cat\/escparcdelsaladar\/wp-content\/uploads\/usu1024\/2024\/06\/Video-Infantil-Creativo-Multicolor-Video-1.mp4?_=1\" \/><a href=\"https:\/\/agora.xtec.cat\/escparcdelsaladar\/wp-content\/uploads\/usu1024\/2024\/06\/Video-Infantil-Creativo-Multicolor-Video-1.mp4\">https:\/\/agora.xtec.cat\/escparcdelsaladar\/wp-content\/uploads\/usu1024\/2024\/06\/Video-Infantil-Creativo-Multicolor-Video-1.mp4<\/a><\/video><\/div>\n<p>&nbsp;<\/p>\n","protected":false},"excerpt":{"rendered":"<p>Hem arribat al final del pla lector d&#8217;I4! Recordem que els llibres ens transporten a altres mons, \u00e8poques i realitats. A trav\u00e9s de la lectura, podem viure aventures i con\u00e8ixer personatges fascinants, desitgem que aquestes hist\u00f2ries tamb\u00e9 arribin a casa dels vostres fills\/es. Han viscut aquesta experi\u00e8ncia amb il\u00b7lusi\u00f3 i entusiasme recordant el treball que [&hellip;]<\/p>\n","protected":false},"author":1,"featured_media":6620,"comment_status":"open","ping_status":"closed","sticky":false,"template":"","format":"standard","meta":{"_bbp_topic_count":0,"_bbp_reply_count":0,"_bbp_total_topic_count":0,"_bbp_total_reply_count":0,"_bbp_voice_count":0,"_bbp_anonymous_reply_count":0,"_bbp_topic_count_hidden":0,"_bbp_reply_count_hidden":0,"_bbp_forum_subforum_count":0,"site-sidebar-layout":"default","site-content-layout":"","ast-site-content-layout":"","site-content-style":"default","site-sidebar-style":"default","ast-global-header-display":"","ast-banner-title-visibility":"","ast-main-header-display":"","ast-hfb-above-header-display":"","ast-hfb-below-header-display":"","ast-hfb-mobile-header-display":"","site-post-title":"","ast-breadcrumbs-content":"","ast-featured-img":"","footer-sml-layout":"","theme-transparent-header-meta":"","adv-header-id-meta":"","stick-header-meta":"","header-above-stick-meta":"","header-main-stick-meta":"","header-below-stick-meta":"","astra-migrate-meta-layouts":"default","ast-page-background-enabled":"default","ast-page-background-meta":{"desktop":{"background-color":"var(--ast-global-color-4)","background-image":"","background-repeat":"repeat","background-position":"center center","background-size":"auto","background-attachment":"scroll","background-type":"","background-media":"","overlay-type":"","overlay-color":"","overlay-opacity":"","overlay-gradient":""},"tablet":{"background-color":"","background-image":"","background-repeat":"repeat","background-position":"center center","background-size":"auto","background-attachment":"scroll","background-type":"","background-media":"","overlay-type":"","overlay-color":"","overlay-opacity":"","overlay-gradient":""},"mobile":{"background-color":"","background-image":"","background-repeat":"repeat","background-position":"center center","background-size":"auto","background-attachment":"scroll","background-type":"","background-media":"","overlay-type":"","overlay-color":"","overlay-opacity":"","overlay-gradient":""}},"ast-content-background-meta":{"desktop":{"background-color":"var(--ast-global-color-5)","background-image":"","background-repeat":"repeat","background-position":"center center","background-size":"auto","background-attachment":"scroll","background-type":"","background-media":"","overlay-type":"","overlay-color":"","overlay-opacity":"","overlay-gradient":""},"tablet":{"background-color":"var(--ast-global-color-5)","background-image":"","background-repeat":"repeat","background-position":"center center","background-size":"auto","background-attachment":"scroll","background-type":"","background-media":"","overlay-type":"","overlay-color":"","overlay-opacity":"","overlay-gradient":""},"mobile":{"background-color":"var(--ast-global-color-5)","background-image":"","background-repeat":"repeat","background-position":"center center","background-size":"auto","background-attachment":"scroll","background-type":"","background-media":"","overlay-type":"","overlay-color":"","overlay-opacity":"","overlay-gradient":""}},"footnotes":""},"categories":[1,8,2,4],"tags":[],"class_list":["post-6601","post","type-post","status-publish","format-standard","has-post-thumbnail","hentry","category-general","category-i4","category-infantil","category-portada"],"post_mailing_queue_ids":[],"_links":{"self":[{"href":"https:\/\/agora.xtec.cat\/escparcdelsaladar\/wp-json\/wp\/v2\/posts\/6601","targetHints":{"allow":["GET"]}}],"collection":[{"href":"https:\/\/agora.xtec.cat\/escparcdelsaladar\/wp-json\/wp\/v2\/posts"}],"about":[{"href":"https:\/\/agora.xtec.cat\/escparcdelsaladar\/wp-json\/wp\/v2\/types\/post"}],"author":[{"embeddable":true,"href":"https:\/\/agora.xtec.cat\/escparcdelsaladar\/wp-json\/wp\/v2\/users\/1"}],"replies":[{"embeddable":true,"href":"https:\/\/agora.xtec.cat\/escparcdelsaladar\/wp-json\/wp\/v2\/comments?post=6601"}],"version-history":[{"count":1,"href":"https:\/\/agora.xtec.cat\/escparcdelsaladar\/wp-json\/wp\/v2\/posts\/6601\/revisions"}],"predecessor-version":[{"id":6621,"href":"https:\/\/agora.xtec.cat\/escparcdelsaladar\/wp-json\/wp\/v2\/posts\/6601\/revisions\/6621"}],"wp:featuredmedia":[{"embeddable":true,"href":"https:\/\/agora.xtec.cat\/escparcdelsaladar\/wp-json\/wp\/v2\/media\/6620"}],"wp:attachment":[{"href":"https:\/\/agora.xtec.cat\/escparcdelsaladar\/wp-json\/wp\/v2\/media?parent=6601"}],"wp:term":[{"taxonomy":"category","embeddable":true,"href":"https:\/\/agora.xtec.cat\/escparcdelsaladar\/wp-json\/wp\/v2\/categories?post=6601"},{"taxonomy":"post_tag","embeddable":true,"href":"https:\/\/agora.xtec.cat\/escparcdelsaladar\/wp-json\/wp\/v2\/tags?post=6601"}],"curies":[{"name":"wp","href":"https:\/\/api.w.org\/{rel}","templated":true}]}}