{"id":4666,"date":"2022-05-31T08:42:45","date_gmt":"2022-05-31T06:42:45","guid":{"rendered":"https:\/\/agora.xtec.cat\/escparcdelsaladar\/?p=4666"},"modified":"2022-05-31T08:42:45","modified_gmt":"2022-05-31T06:42:45","slug":"musical-el-petit-princep","status":"publish","type":"post","link":"https:\/\/agora.xtec.cat\/escparcdelsaladar\/general\/musical-el-petit-princep\/","title":{"rendered":"MUSICAL &#8220;El Petit Pr\u00edncep&#8221;"},"content":{"rendered":"<p>Gr\u00e0cies a l&#8217;Associaci\u00f3 Cultural <strong>El Garatge<\/strong> d&#8217;Alcarr\u00e0s, que ens va oferir, el passat divendres 20 de maig, una adaptaci\u00f3 del seu exit\u00f3s espectacle musical &#8220;El Petit Pr\u00edncep&#8221;.<\/p>\n<p>Tots els infants i mestres de P3, P4 i P5, vam compartir les can\u00e7ons, la veu en directe i els valors d&#8217;aquest bonic conte..<\/p>\n<p><span style=\"font-family: inherit;font-size: 1em\">Com diu la can\u00e7\u00f3: -&#8220;Tots tenim un Petit Pr\u00edncep a dins&#8221;, -&#8220;Lo essencial \u00e9s invisible als ulls&#8221;, i que -&#8220;El m\u00e9s important \u00e9s el temps que passem amb les persones que estimem&#8221;.<\/span><\/p>\n<p><a href=\"https:\/\/drive.google.com\/drive\/folders\/1SwuDUjdD5wSAMMvGq45VzMnwyPZ0BwV9?usp=sharing\"><img loading=\"lazy\" decoding=\"async\" class=\"alignnone size-large wp-image-4667\" src=\"https:\/\/agora.xtec.cat\/escparcdelsaladar\/wp-content\/uploads\/usu1024\/2022\/05\/WhatsApp-Image-2022-05-22-at-23.12.57-6-1024x768.jpeg\" alt=\"\" width=\"1024\" height=\"768\" srcset=\"https:\/\/agora.xtec.cat\/escparcdelsaladar\/wp-content\/uploads\/usu1024\/2022\/05\/WhatsApp-Image-2022-05-22-at-23.12.57-6-1024x768.jpeg 1024w, https:\/\/agora.xtec.cat\/escparcdelsaladar\/wp-content\/uploads\/usu1024\/2022\/05\/WhatsApp-Image-2022-05-22-at-23.12.57-6-300x225.jpeg 300w, https:\/\/agora.xtec.cat\/escparcdelsaladar\/wp-content\/uploads\/usu1024\/2022\/05\/WhatsApp-Image-2022-05-22-at-23.12.57-6-768x576.jpeg 768w, https:\/\/agora.xtec.cat\/escparcdelsaladar\/wp-content\/uploads\/usu1024\/2022\/05\/WhatsApp-Image-2022-05-22-at-23.12.57-6-1536x1152.jpeg 1536w, https:\/\/agora.xtec.cat\/escparcdelsaladar\/wp-content\/uploads\/usu1024\/2022\/05\/WhatsApp-Image-2022-05-22-at-23.12.57-6-200x150.jpeg 200w, https:\/\/agora.xtec.cat\/escparcdelsaladar\/wp-content\/uploads\/usu1024\/2022\/05\/WhatsApp-Image-2022-05-22-at-23.12.57-6.jpeg 1600w\" sizes=\"auto, (max-width: 1024px) 100vw, 1024px\" \/><\/a>Clicant la imatge podem recordar aquell fant\u00e0stic mat\u00ed especial<\/p>\n","protected":false},"excerpt":{"rendered":"<p>L&#8217;A.C. El Garatge d&#8217;Alcarr\u00e0s i el musical &#8220;El Petit Pr\u00edncep&#8221; a la nostra escola.<\/p>\n","protected":false},"author":47,"featured_media":4667,"comment_status":"open","ping_status":"closed","sticky":false,"template":"","format":"standard","meta":{"_bbp_topic_count":0,"_bbp_reply_count":0,"_bbp_total_topic_count":0,"_bbp_total_reply_count":0,"_bbp_voice_count":0,"_bbp_anonymous_reply_count":0,"_bbp_topic_count_hidden":0,"_bbp_reply_count_hidden":0,"_bbp_forum_subforum_count":0,"site-sidebar-layout":"default","site-content-layout":"","ast-site-content-layout":"","site-content-style":"default","site-sidebar-style":"default","ast-global-header-display":"","ast-banner-title-visibility":"","ast-main-header-display":"","ast-hfb-above-header-display":"","ast-hfb-below-header-display":"","ast-hfb-mobile-header-display":"","site-post-title":"","ast-breadcrumbs-content":"","ast-featured-img":"","footer-sml-layout":"","theme-transparent-header-meta":"","adv-header-id-meta":"","stick-header-meta":"","header-above-stick-meta":"","header-main-stick-meta":"","header-below-stick-meta":"","astra-migrate-meta-layouts":"default","ast-page-background-enabled":"default","ast-page-background-meta":{"desktop":{"background-color":"var(--ast-global-color-4)","background-image":"","background-repeat":"repeat","background-position":"center center","background-size":"auto","background-attachment":"scroll","background-type":"","background-media":"","overlay-type":"","overlay-color":"","overlay-opacity":"","overlay-gradient":""},"tablet":{"background-color":"","background-image":"","background-repeat":"repeat","background-position":"center center","background-size":"auto","background-attachment":"scroll","background-type":"","background-media":"","overlay-type":"","overlay-color":"","overlay-opacity":"","overlay-gradient":""},"mobile":{"background-color":"","background-image":"","background-repeat":"repeat","background-position":"center center","background-size":"auto","background-attachment":"scroll","background-type":"","background-media":"","overlay-type":"","overlay-color":"","overlay-opacity":"","overlay-gradient":""}},"ast-content-background-meta":{"desktop":{"background-color":"var(--ast-global-color-5)","background-image":"","background-repeat":"repeat","background-position":"center center","background-size":"auto","background-attachment":"scroll","background-type":"","background-media":"","overlay-type":"","overlay-color":"","overlay-opacity":"","overlay-gradient":""},"tablet":{"background-color":"var(--ast-global-color-5)","background-image":"","background-repeat":"repeat","background-position":"center center","background-size":"auto","background-attachment":"scroll","background-type":"","background-media":"","overlay-type":"","overlay-color":"","overlay-opacity":"","overlay-gradient":""},"mobile":{"background-color":"var(--ast-global-color-5)","background-image":"","background-repeat":"repeat","background-position":"center center","background-size":"auto","background-attachment":"scroll","background-type":"","background-media":"","overlay-type":"","overlay-color":"","overlay-opacity":"","overlay-gradient":""}},"footnotes":""},"categories":[1,3,8,9,2,4],"tags":[78],"class_list":["post-4666","post","type-post","status-publish","format-standard","has-post-thumbnail","hentry","category-general","category-i3","category-i4","category-i5","category-infantil","category-portada","tag-infantil"],"post_mailing_queue_ids":[],"_links":{"self":[{"href":"https:\/\/agora.xtec.cat\/escparcdelsaladar\/wp-json\/wp\/v2\/posts\/4666","targetHints":{"allow":["GET"]}}],"collection":[{"href":"https:\/\/agora.xtec.cat\/escparcdelsaladar\/wp-json\/wp\/v2\/posts"}],"about":[{"href":"https:\/\/agora.xtec.cat\/escparcdelsaladar\/wp-json\/wp\/v2\/types\/post"}],"author":[{"embeddable":true,"href":"https:\/\/agora.xtec.cat\/escparcdelsaladar\/wp-json\/wp\/v2\/users\/47"}],"replies":[{"embeddable":true,"href":"https:\/\/agora.xtec.cat\/escparcdelsaladar\/wp-json\/wp\/v2\/comments?post=4666"}],"version-history":[{"count":3,"href":"https:\/\/agora.xtec.cat\/escparcdelsaladar\/wp-json\/wp\/v2\/posts\/4666\/revisions"}],"predecessor-version":[{"id":4678,"href":"https:\/\/agora.xtec.cat\/escparcdelsaladar\/wp-json\/wp\/v2\/posts\/4666\/revisions\/4678"}],"wp:featuredmedia":[{"embeddable":true,"href":"https:\/\/agora.xtec.cat\/escparcdelsaladar\/wp-json\/wp\/v2\/media\/4667"}],"wp:attachment":[{"href":"https:\/\/agora.xtec.cat\/escparcdelsaladar\/wp-json\/wp\/v2\/media?parent=4666"}],"wp:term":[{"taxonomy":"category","embeddable":true,"href":"https:\/\/agora.xtec.cat\/escparcdelsaladar\/wp-json\/wp\/v2\/categories?post=4666"},{"taxonomy":"post_tag","embeddable":true,"href":"https:\/\/agora.xtec.cat\/escparcdelsaladar\/wp-json\/wp\/v2\/tags?post=4666"}],"curies":[{"name":"wp","href":"https:\/\/api.w.org\/{rel}","templated":true}]}}